{"id":822,"date":"2016-09-20T05:59:39","date_gmt":"2016-09-20T05:59:39","guid":{"rendered":"http:\/\/srodmiejska.waw.pl\/?p=822"},"modified":"2016-09-20T05:59:39","modified_gmt":"2016-09-20T05:59:39","slug":"komunikat-syndyka-nr-1092016","status":"publish","type":"post","link":"https:\/\/srodmiejska.waw.pl\/?p=822","title":{"rendered":"Komunikat Syndyka Nr  1\/09\/2016"},"content":{"rendered":"<p>Szanowni Pa\u0144stwo,<\/p>\n<p>Prosimy Mieszka\u0144c\u00f3w Osiedla Za \u017belazn\u0105 Bram\u0105 o zapoznanie si\u0119 z komunikatem Syndyka masy upad\u0142o\u015bci \u015ar\u00f3dmiejskiej Sp\u00f3\u0142dzielni Mieszkaniowej w upad\u0142o\u015bci likwidacyjnej z dnia 19.09.2016 roku \u2013 Pana Wies\u0142awa Ostrowskiego.<\/p>\n<p><a href=\"http:\/\/srodmiejska.waw.pl\/wp-content\/uploads\/2016\/09\/Komunikat-syndyka-Nr-1-09-2016-1.pdf\">Komunikat Syndyka Nr 1\/09\/2016<\/a><\/p>\n","protected":false},"excerpt":{"rendered":"<p>Szanowni Pa\u0144stwo, Prosimy Mieszka\u0144c\u00f3w Osiedla Za \u017belazn\u0105 Bram\u0105 o zapoznanie si\u0119 z komunikatem Syndyka masy upad\u0142o\u015bci \u015ar\u00f3dmiejskiej Sp\u00f3\u0142dzielni Mieszkaniowej w upad\u0142o\u015bci likwidacyjnej z dnia 19.09.2016 roku \u2013 Pana Wies\u0142awa Ostrowskiego. Komunikat Syndyka Nr 1\/09\/2016<\/p>\n","protected":false},"author":4,"featured_media":0,"comment_status":"closed","ping_status":"open","sticky":false,"template":"","format":"standard","meta":{"footnotes":""},"categories":[2],"tags":[],"class_list":["post-822","post","type-post","status-publish","format-standard","hentry","category-aktualnosci"],"_links":{"self":[{"href":"https:\/\/srodmiejska.waw.pl\/index.php?rest_route=\/wp\/v2\/posts\/822","targetHints":{"allow":["GET"]}}],"collection":[{"href":"https:\/\/srodmiejska.waw.pl\/index.php?rest_route=\/wp\/v2\/posts"}],"about":[{"href":"https:\/\/srodmiejska.waw.pl\/index.php?rest_route=\/wp\/v2\/types\/post"}],"author":[{"embeddable":true,"href":"https:\/\/srodmiejska.waw.pl\/index.php?rest_route=\/wp\/v2\/users\/4"}],"replies":[{"embeddable":true,"href":"https:\/\/srodmiejska.waw.pl\/index.php?rest_route=%2Fwp%2Fv2%2Fcomments&post=822"}],"version-history":[{"count":4,"href":"https:\/\/srodmiejska.waw.pl\/index.php?rest_route=\/wp\/v2\/posts\/822\/revisions"}],"predecessor-version":[{"id":826,"href":"https:\/\/srodmiejska.waw.pl\/index.php?rest_route=\/wp\/v2\/posts\/822\/revisions\/826"}],"wp:attachment":[{"href":"https:\/\/srodmiejska.waw.pl\/index.php?rest_route=%2Fwp%2Fv2%2Fmedia&parent=822"}],"wp:term":[{"taxonomy":"category","embeddable":true,"href":"https:\/\/srodmiejska.waw.pl\/index.php?rest_route=%2Fwp%2Fv2%2Fcategories&post=822"},{"taxonomy":"post_tag","embeddable":true,"href":"https:\/\/srodmiejska.waw.pl\/index.php?rest_route=%2Fwp%2Fv2%2Ftags&post=822"}],"curies":[{"name":"wp","href":"https:\/\/api.w.org\/{rel}","templated":true}]}}