{"id":808,"date":"2016-08-24T12:08:38","date_gmt":"2016-08-24T12:08:38","guid":{"rendered":"http:\/\/srodmiejska.waw.pl\/?p=808"},"modified":"2016-08-24T12:08:38","modified_gmt":"2016-08-24T12:08:38","slug":"komunikat-syndyka-nr-9082016","status":"publish","type":"post","link":"https:\/\/srodmiejska.waw.pl\/?p=808","title":{"rendered":"Komunikat Syndyka Nr 9\/08\/2016"},"content":{"rendered":"<p>Szanowni Pa\u0144stwo,<\/p>\n<p>Prosimy\u00a0 Mieszka\u0144c\u00f3w budynk\u00f3w przy ul. Leszczyny<br \/>\no zapoznanie si\u0119 z komunikatem Syndyka masy upad\u0142o\u015bci \u015ar\u00f3dmiejskiej Sp\u00f3\u0142dzielni Mieszkaniowej<br \/>\nw upad\u0142o\u015bci likwidacyjnej z dnia 24.08.2016 roku \u2013 Pana Wies\u0142awa Ostrowskiego.<\/p>\n<p><a href=\"http:\/\/srodmiejska.waw.pl\/wp-content\/uploads\/2016\/08\/KOMUNIKAT-9-08-2016.pdf\">Komunikat Syndyka Nr 9\/08\/2016<\/a><\/p>\n","protected":false},"excerpt":{"rendered":"<p>Szanowni Pa\u0144stwo, Prosimy\u00a0 Mieszka\u0144c\u00f3w budynk\u00f3w przy ul. Leszczyny o zapoznanie si\u0119 z komunikatem Syndyka masy upad\u0142o\u015bci \u015ar\u00f3dmiejskiej Sp\u00f3\u0142dzielni Mieszkaniowej w upad\u0142o\u015bci likwidacyjnej z dnia 24.08.2016 roku \u2013 Pana Wies\u0142awa Ostrowskiego. Komunikat Syndyka Nr 9\/08\/2016<\/p>\n","protected":false},"author":4,"featured_media":0,"comment_status":"closed","ping_status":"open","sticky":false,"template":"","format":"standard","meta":{"footnotes":""},"categories":[2],"tags":[],"class_list":["post-808","post","type-post","status-publish","format-standard","hentry","category-aktualnosci"],"_links":{"self":[{"href":"https:\/\/srodmiejska.waw.pl\/index.php?rest_route=\/wp\/v2\/posts\/808","targetHints":{"allow":["GET"]}}],"collection":[{"href":"https:\/\/srodmiejska.waw.pl\/index.php?rest_route=\/wp\/v2\/posts"}],"about":[{"href":"https:\/\/srodmiejska.waw.pl\/index.php?rest_route=\/wp\/v2\/types\/post"}],"author":[{"embeddable":true,"href":"https:\/\/srodmiejska.waw.pl\/index.php?rest_route=\/wp\/v2\/users\/4"}],"replies":[{"embeddable":true,"href":"https:\/\/srodmiejska.waw.pl\/index.php?rest_route=%2Fwp%2Fv2%2Fcomments&post=808"}],"version-history":[{"count":2,"href":"https:\/\/srodmiejska.waw.pl\/index.php?rest_route=\/wp\/v2\/posts\/808\/revisions"}],"predecessor-version":[{"id":810,"href":"https:\/\/srodmiejska.waw.pl\/index.php?rest_route=\/wp\/v2\/posts\/808\/revisions\/810"}],"wp:attachment":[{"href":"https:\/\/srodmiejska.waw.pl\/index.php?rest_route=%2Fwp%2Fv2%2Fmedia&parent=808"}],"wp:term":[{"taxonomy":"category","embeddable":true,"href":"https:\/\/srodmiejska.waw.pl\/index.php?rest_route=%2Fwp%2Fv2%2Fcategories&post=808"},{"taxonomy":"post_tag","embeddable":true,"href":"https:\/\/srodmiejska.waw.pl\/index.php?rest_route=%2Fwp%2Fv2%2Ftags&post=808"}],"curies":[{"name":"wp","href":"https:\/\/api.w.org\/{rel}","templated":true}]}}