{"id":451,"date":"2015-10-05T13:02:39","date_gmt":"2015-10-05T13:02:39","guid":{"rendered":"http:\/\/srodmiejska.waw.pl\/?p=451"},"modified":"2015-10-05T13:18:17","modified_gmt":"2015-10-05T13:18:17","slug":"komunikat-zarzadu-z-dnia-5-pazdziernika-2015-r","status":"publish","type":"post","link":"https:\/\/srodmiejska.waw.pl\/?p=451","title":{"rendered":"Komunikat Zarz\u0105du z dnia 5 pa\u017adziernika 2015 r."},"content":{"rendered":"<p>Szanowni Pa\u0144stwo,<\/p>\n<p>Zarz\u0105d \u015ar\u00f3dmiejskiej Sp\u00f3\u0142dzielni Mieszkaniowej w upad\u0142o\u015bci likwidacyjnej informuje<br \/>\no nast\u0119puj\u0105cych zdarzeniach:<\/p>\n<p><strong>Lustracja<\/strong><\/p>\n<p>Zako\u0144czy\u0142o si\u0119 badanie lustracyjne dzia\u0142alno\u015bci Sp\u00f3\u0142dzielni za okres 1 stycznia 2010 r. &#8211; 14 grudnia 2014 r. Protoko\u0142y z lustracji zostan\u0105 udost\u0119pnione cz\u0142onkom Sp\u00f3\u0142dzielni.<\/p>\n<p><strong>Sprawozdanie finansowe za 2014 rok<\/strong><\/p>\n<p>Zarz\u0105d odm\u00f3wi\u0142 podpisania sprawozdania finansowego Sp\u00f3\u0142dzielni za rok obrotowy 2014.<\/p>\n<p><strong>Walne Zgromadzenie<\/strong><\/p>\n<p>Do dnia 05 pa\u017adziernika 2015 r. S\u0105d nie rozpozna\u0142 za\u017calenia Zarz\u0105du na odmow\u0119 ustalenie koszt\u00f3w zwi\u0105zanych ze zwo\u0142aniem i przeprowadzeniem Walnego Zgromadzenia.<\/p>\n<p><strong>Sprawy bie\u017c\u0105ce<\/strong><\/p>\n<ol>\n<li>S\u0105d Okr\u0119gowy w Warszawie w wyroku z dnia 08 czerwca 2015 r. uzna\u0142, \u017ce <u>nie istniej\u0105<\/u> uchwa\u0142y podj\u0119te w dniu 14 grudnia 2014 r. w Centrum Prasowym Foksal przez <u>rzekome Walne Zgromadzenie Cz\u0142onk\u00f3w<\/u>:<\/li>\n<\/ol>\n<ul>\n<li>w sprawie przyj\u0119cia regulaminu obrad,<\/li>\n<li>w sprawie wykre\u015blenia z porz\u0105dku obrad punkt\u00f3w dotycz\u0105cych odwo\u0142ania cz\u0142onk\u00f3w Rady Nadzorczej oraz przeprowadzenia wybor\u00f3w cz\u0142onk\u00f3w Rady Nadzorczej.<\/li>\n<\/ul>\n<p><u>Wyrok S\u0105du jest prawomocny.<\/u><\/p>\n<ol start=\"2\">\n<li>Przed S\u0105dem Okr\u0119gowym w Warszawie toczy si\u0119 post\u0119powanie o uznanie uchwa\u0142 rzekomego Walnego Zgromadzenia obraduj\u0105cego w dniach 25 stycznia &#8211; 10 lutego 2015 r. za nieistniej\u0105ce, sygn. akt IIC 465\/15. W dniu 9 lipca 2015 r. S\u0105d I instancji oddali\u0142 wniosek o wy\u0142\u0105czenie s\u0119dziego, z\u0142o\u017cony m. in. przez Krystyn\u0119 R.<\/li>\n<\/ol>\n<ol start=\"3\">\n<li>Przed S\u0105dem Okr\u0119gowym w Warszawie toczy si\u0119 post\u0119powanie o uznanie uchwa\u0142 Walnego Zgromadzenia obraduj\u0105cego we wrze\u015bniu 2014 r. za niewa\u017cne, sygn. akt IC 1189\/14.<\/li>\n<\/ol>\n<p><strong>Post\u0119powanie upad\u0142o\u015bciowe <\/strong><\/p>\n<p>W dniu 12 sierpnia 2015 r. S\u0119dzia \u2013 komisarz ustanowi\u0142 Rad\u0119 Wierzycieli w nast\u0119puj\u0105cym sk\u0142adzie:<\/p>\n<ol>\n<li>Zak\u0142ad Ubezpiecze\u0144 Spo\u0142ecznych, I Oddzia\u0142 w Warszawie,<\/li>\n<li>Skarb Pa\u0144stwa \u2013 Naczelnik Pierwszego Urz\u0119du Skarbowego Warszawa-\u015ar\u00f3dmie\u015bcie,<\/li>\n<li>Miasto Sto\u0142eczne Warszawa,<\/li>\n<li>Veolia Energia Warszawa SA,<\/li>\n<li>Rezanko Sitek Staniec kancelaria Adwokat\u00f3w Sp. p.<\/li>\n<\/ol>\n<p>W dniu 31 sierpnia 2015 r. S\u0119dzia-komisarz oddali\u0142 wniosek o przyznanie koszt\u00f3w zwi\u0105zanych z badaniem sprawozdania finansowego za rok 2014 przez rewidenta.<\/p>\n<p>Przypominamy o indywidualnych spotkaniach Zarz\u0105du z mieszka\u0144cami, odbywaj\u0105cych si\u0119 w ka\u017cdy poniedzia\u0142ek w siedzibie Sp\u00f3\u0142dzielni w godzinach 13<sup>00<\/sup>-15<sup>00<\/sup>.<\/p>\n<p><a href=\"http:\/\/srodmiejska.waw.pl\/wp-content\/uploads\/2015\/10\/0510-k1.jpg\"><img loading=\"lazy\" decoding=\"async\" class=\"alignnone size-large wp-image-459 aligncenter\" src=\"http:\/\/srodmiejska.waw.pl\/wp-content\/uploads\/2015\/10\/0510-k1-725x1024.jpg\" alt=\"0510-k1\" width=\"725\" height=\"1024\" srcset=\"https:\/\/srodmiejska.waw.pl\/wp-content\/uploads\/2015\/10\/0510-k1-725x1024.jpg 725w, https:\/\/srodmiejska.waw.pl\/wp-content\/uploads\/2015\/10\/0510-k1-212x300.jpg 212w\" sizes=\"auto, (max-width: 725px) 100vw, 725px\" \/><\/a> <a href=\"http:\/\/srodmiejska.waw.pl\/wp-content\/uploads\/2015\/10\/0510-k2.jpg\"><img loading=\"lazy\" decoding=\"async\" class=\"alignnone size-large wp-image-460 aligncenter\" src=\"http:\/\/srodmiejska.waw.pl\/wp-content\/uploads\/2015\/10\/0510-k2-725x1024.jpg\" alt=\"0510-k2\" width=\"725\" height=\"1024\" srcset=\"https:\/\/srodmiejska.waw.pl\/wp-content\/uploads\/2015\/10\/0510-k2-725x1024.jpg 725w, https:\/\/srodmiejska.waw.pl\/wp-content\/uploads\/2015\/10\/0510-k2-212x300.jpg 212w\" sizes=\"auto, (max-width: 725px) 100vw, 725px\" \/><\/a><\/p>\n","protected":false},"excerpt":{"rendered":"<p>Szanowni Pa\u0144stwo, Zarz\u0105d \u015ar\u00f3dmiejskiej Sp\u00f3\u0142dzielni Mieszkaniowej w upad\u0142o\u015bci likwidacyjnej informuje o nast\u0119puj\u0105cych zdarzeniach: Lustracja Zako\u0144czy\u0142o si\u0119 badanie lustracyjne dzia\u0142alno\u015bci Sp\u00f3\u0142dzielni za okres 1 stycznia 2010 r. &#8211; 14 grudnia 2014 r. Protoko\u0142y z lustracji zostan\u0105 udost\u0119pnione cz\u0142onkom Sp\u00f3\u0142dzielni. Sprawozdanie finansowe za 2014 rok Zarz\u0105d odm\u00f3wi\u0142 podpisania sprawozdania finansowego Sp\u00f3\u0142dzielni za rok obrotowy 2014. Walne Zgromadzenie Do dnia 05 pa\u017adziernika 2015<\/p>\n","protected":false},"author":3,"featured_media":0,"comment_status":"closed","ping_status":"open","sticky":false,"template":"","format":"standard","meta":{"footnotes":""},"categories":[2],"tags":[],"class_list":["post-451","post","type-post","status-publish","format-standard","hentry","category-aktualnosci"],"_links":{"self":[{"href":"https:\/\/srodmiejska.waw.pl\/index.php?rest_route=\/wp\/v2\/posts\/451","targetHints":{"allow":["GET"]}}],"collection":[{"href":"https:\/\/srodmiejska.waw.pl\/index.php?rest_route=\/wp\/v2\/posts"}],"about":[{"href":"https:\/\/srodmiejska.waw.pl\/index.php?rest_route=\/wp\/v2\/types\/post"}],"author":[{"embeddable":true,"href":"https:\/\/srodmiejska.waw.pl\/index.php?rest_route=\/wp\/v2\/users\/3"}],"replies":[{"embeddable":true,"href":"https:\/\/srodmiejska.waw.pl\/index.php?rest_route=%2Fwp%2Fv2%2Fcomments&post=451"}],"version-history":[{"count":8,"href":"https:\/\/srodmiejska.waw.pl\/index.php?rest_route=\/wp\/v2\/posts\/451\/revisions"}],"predecessor-version":[{"id":461,"href":"https:\/\/srodmiejska.waw.pl\/index.php?rest_route=\/wp\/v2\/posts\/451\/revisions\/461"}],"wp:attachment":[{"href":"https:\/\/srodmiejska.waw.pl\/index.php?rest_route=%2Fwp%2Fv2%2Fmedia&parent=451"}],"wp:term":[{"taxonomy":"category","embeddable":true,"href":"https:\/\/srodmiejska.waw.pl\/index.php?rest_route=%2Fwp%2Fv2%2Fcategories&post=451"},{"taxonomy":"post_tag","embeddable":true,"href":"https:\/\/srodmiejska.waw.pl\/index.php?rest_route=%2Fwp%2Fv2%2Ftags&post=451"}],"curies":[{"name":"wp","href":"https:\/\/api.w.org\/{rel}","templated":true}]}}