{"id":3737,"date":"2026-01-28T10:57:49","date_gmt":"2026-01-28T10:57:49","guid":{"rendered":"https:\/\/srodmiejska.waw.pl\/?p=3737"},"modified":"2026-01-28T10:57:49","modified_gmt":"2026-01-28T10:57:49","slug":"szanowani-mieszkancy-jana-pawla-ii-20","status":"publish","type":"post","link":"https:\/\/srodmiejska.waw.pl\/?p=3737","title":{"rendered":"Szanowani Mieszka\u0144cy &#8211; Jana Paw\u0142a II 20"},"content":{"rendered":"\n<p>Informujemy, i\u017c z przyczyn niezale\u017cnych od Sp\u00f3\u0142dzielni zosta\u0142a wstrzymana dostawa wody. <\/p>\n\n\n\n<p>Wed\u0142ug informacji zamieszczonych na stronie MPWIK termin wznowienia dostawy wody to: 28.01.2026r., godz. 18:00.<\/p>\n\n\n\n<p><\/p>\n","protected":false},"excerpt":{"rendered":"<p>Informujemy, i\u017c z przyczyn niezale\u017cnych od Sp\u00f3\u0142dzielni zosta\u0142a wstrzymana dostawa wody. Wed\u0142ug informacji zamieszczonych na stronie MPWIK termin wznowienia dostawy wody to: 28.01.2026r., godz. 18:00.<\/p>\n","protected":false},"author":4,"featured_media":0,"comment_status":"closed","ping_status":"open","sticky":false,"template":"","format":"standard","meta":{"footnotes":""},"categories":[2],"tags":[],"class_list":["post-3737","post","type-post","status-publish","format-standard","hentry","category-aktualnosci"],"_links":{"self":[{"href":"https:\/\/srodmiejska.waw.pl\/index.php?rest_route=\/wp\/v2\/posts\/3737","targetHints":{"allow":["GET"]}}],"collection":[{"href":"https:\/\/srodmiejska.waw.pl\/index.php?rest_route=\/wp\/v2\/posts"}],"about":[{"href":"https:\/\/srodmiejska.waw.pl\/index.php?rest_route=\/wp\/v2\/types\/post"}],"author":[{"embeddable":true,"href":"https:\/\/srodmiejska.waw.pl\/index.php?rest_route=\/wp\/v2\/users\/4"}],"replies":[{"embeddable":true,"href":"https:\/\/srodmiejska.waw.pl\/index.php?rest_route=%2Fwp%2Fv2%2Fcomments&post=3737"}],"version-history":[{"count":1,"href":"https:\/\/srodmiejska.waw.pl\/index.php?rest_route=\/wp\/v2\/posts\/3737\/revisions"}],"predecessor-version":[{"id":3738,"href":"https:\/\/srodmiejska.waw.pl\/index.php?rest_route=\/wp\/v2\/posts\/3737\/revisions\/3738"}],"wp:attachment":[{"href":"https:\/\/srodmiejska.waw.pl\/index.php?rest_route=%2Fwp%2Fv2%2Fmedia&parent=3737"}],"wp:term":[{"taxonomy":"category","embeddable":true,"href":"https:\/\/srodmiejska.waw.pl\/index.php?rest_route=%2Fwp%2Fv2%2Fcategories&post=3737"},{"taxonomy":"post_tag","embeddable":true,"href":"https:\/\/srodmiejska.waw.pl\/index.php?rest_route=%2Fwp%2Fv2%2Ftags&post=3737"}],"curies":[{"name":"wp","href":"https:\/\/api.w.org\/{rel}","templated":true}]}}