{"id":3592,"date":"2025-07-07T12:00:49","date_gmt":"2025-07-07T12:00:49","guid":{"rendered":"https:\/\/srodmiejska.waw.pl\/?p=3592"},"modified":"2025-07-07T12:00:49","modified_gmt":"2025-07-07T12:00:49","slug":"szanowni-mieszkancy-107","status":"publish","type":"post","link":"https:\/\/srodmiejska.waw.pl\/?p=3592","title":{"rendered":"Szanowni Mieszka\u0144cy,"},"content":{"rendered":"\n<p><strong>W budynkach Osiedla Za \u017belazn\u0105 Bram\u0105 odb\u0119dzie si\u0119 dezynsekcja i deratyzacja cz\u0119\u015bci wsp\u00f3lnych budynk\u00f3w:<\/strong><\/p>\n\n\n\n<p><strong>I tura:<\/strong><\/p>\n\n\n\n<p><strong>08.07.2025r. \u2013 <\/strong>Grzybowska 6\/10<\/p>\n\n\n\n<p><strong>09.07.2025r.<\/strong> \u2013 Grzybowska 5<\/p>\n\n\n\n<p><strong>10.07.2025r.<\/strong> \u2013 Grzybowska 9<\/p>\n\n\n\n<p><strong>11.07.2025r.<\/strong> \u2013 Jana Paw\u0142a II 20<\/p>\n\n\n\n<p><strong>II tura <\/strong>:<\/p>\n\n\n\n<p><strong>22.07.2025r. \u2013 <\/strong>Grzybowska 6\/10<\/p>\n\n\n\n<p><strong>23.07.2025r.<\/strong> \u2013 Grzybowska 5<\/p>\n\n\n\n<p><strong>24.07.2025r..<\/strong> \u2013 Grzybowska 9<\/p>\n\n\n\n<p><strong>25.07.2025r.<\/strong> \u2013 Jana Paw\u0142a II 20<\/p>\n\n\n\n<p><strong>Prosimy o zachowanie ostro\u017cno\u015bci !!!<\/strong><\/p>\n","protected":false},"excerpt":{"rendered":"<p>W budynkach Osiedla Za \u017belazn\u0105 Bram\u0105 odb\u0119dzie si\u0119 dezynsekcja i deratyzacja cz\u0119\u015bci wsp\u00f3lnych budynk\u00f3w: I tura: 08.07.2025r. \u2013 Grzybowska 6\/10 09.07.2025r. \u2013 Grzybowska 5 10.07.2025r. \u2013 Grzybowska 9 11.07.2025r. \u2013 Jana Paw\u0142a II 20 II tura : 22.07.2025r. \u2013 Grzybowska 6\/10 23.07.2025r. \u2013 Grzybowska 5 24.07.2025r.. \u2013 Grzybowska 9 25.07.2025r. \u2013 Jana Paw\u0142a II 20 Prosimy o zachowanie ostro\u017cno\u015bci !!!<\/p>\n","protected":false},"author":4,"featured_media":0,"comment_status":"closed","ping_status":"open","sticky":false,"template":"","format":"standard","meta":{"footnotes":""},"categories":[2],"tags":[],"class_list":["post-3592","post","type-post","status-publish","format-standard","hentry","category-aktualnosci"],"_links":{"self":[{"href":"https:\/\/srodmiejska.waw.pl\/index.php?rest_route=\/wp\/v2\/posts\/3592","targetHints":{"allow":["GET"]}}],"collection":[{"href":"https:\/\/srodmiejska.waw.pl\/index.php?rest_route=\/wp\/v2\/posts"}],"about":[{"href":"https:\/\/srodmiejska.waw.pl\/index.php?rest_route=\/wp\/v2\/types\/post"}],"author":[{"embeddable":true,"href":"https:\/\/srodmiejska.waw.pl\/index.php?rest_route=\/wp\/v2\/users\/4"}],"replies":[{"embeddable":true,"href":"https:\/\/srodmiejska.waw.pl\/index.php?rest_route=%2Fwp%2Fv2%2Fcomments&post=3592"}],"version-history":[{"count":1,"href":"https:\/\/srodmiejska.waw.pl\/index.php?rest_route=\/wp\/v2\/posts\/3592\/revisions"}],"predecessor-version":[{"id":3593,"href":"https:\/\/srodmiejska.waw.pl\/index.php?rest_route=\/wp\/v2\/posts\/3592\/revisions\/3593"}],"wp:attachment":[{"href":"https:\/\/srodmiejska.waw.pl\/index.php?rest_route=%2Fwp%2Fv2%2Fmedia&parent=3592"}],"wp:term":[{"taxonomy":"category","embeddable":true,"href":"https:\/\/srodmiejska.waw.pl\/index.php?rest_route=%2Fwp%2Fv2%2Fcategories&post=3592"},{"taxonomy":"post_tag","embeddable":true,"href":"https:\/\/srodmiejska.waw.pl\/index.php?rest_route=%2Fwp%2Fv2%2Ftags&post=3592"}],"curies":[{"name":"wp","href":"https:\/\/api.w.org\/{rel}","templated":true}]}}