{"id":3589,"date":"2025-06-13T08:03:02","date_gmt":"2025-06-13T08:03:02","guid":{"rendered":"https:\/\/srodmiejska.waw.pl\/?p=3589"},"modified":"2025-06-13T08:03:02","modified_gmt":"2025-06-13T08:03:02","slug":"szanowni-mieszkancy-106","status":"publish","type":"post","link":"https:\/\/srodmiejska.waw.pl\/?p=3589","title":{"rendered":"Szanowni Mieszka\u0144cy,"},"content":{"rendered":"\n<p>Informujemy, \u017ce decyzj\u0105 Syndyka \u015ar\u00f3dmiejskiej Sp\u00f3\u0142dzielni Mieszkaniowej w upad\u0142o\u015bci likwidacyjnej w dniu 20 czerwca 2025 roku sekretariat oraz pozosta\u0142e dzia\u0142y Sp\u00f3\u0142dzielni przy al. 3 Maja 12 w Warszawie b\u0119d\u0105 nieczynne.<\/p>\n","protected":false},"excerpt":{"rendered":"<p>Informujemy, \u017ce decyzj\u0105 Syndyka \u015ar\u00f3dmiejskiej Sp\u00f3\u0142dzielni Mieszkaniowej w upad\u0142o\u015bci likwidacyjnej w dniu 20 czerwca 2025 roku sekretariat oraz pozosta\u0142e dzia\u0142y Sp\u00f3\u0142dzielni przy al. 3 Maja 12 w Warszawie b\u0119d\u0105 nieczynne.<\/p>\n","protected":false},"author":4,"featured_media":0,"comment_status":"closed","ping_status":"open","sticky":false,"template":"","format":"standard","meta":{"footnotes":""},"categories":[2],"tags":[],"class_list":["post-3589","post","type-post","status-publish","format-standard","hentry","category-aktualnosci"],"_links":{"self":[{"href":"https:\/\/srodmiejska.waw.pl\/index.php?rest_route=\/wp\/v2\/posts\/3589","targetHints":{"allow":["GET"]}}],"collection":[{"href":"https:\/\/srodmiejska.waw.pl\/index.php?rest_route=\/wp\/v2\/posts"}],"about":[{"href":"https:\/\/srodmiejska.waw.pl\/index.php?rest_route=\/wp\/v2\/types\/post"}],"author":[{"embeddable":true,"href":"https:\/\/srodmiejska.waw.pl\/index.php?rest_route=\/wp\/v2\/users\/4"}],"replies":[{"embeddable":true,"href":"https:\/\/srodmiejska.waw.pl\/index.php?rest_route=%2Fwp%2Fv2%2Fcomments&post=3589"}],"version-history":[{"count":1,"href":"https:\/\/srodmiejska.waw.pl\/index.php?rest_route=\/wp\/v2\/posts\/3589\/revisions"}],"predecessor-version":[{"id":3590,"href":"https:\/\/srodmiejska.waw.pl\/index.php?rest_route=\/wp\/v2\/posts\/3589\/revisions\/3590"}],"wp:attachment":[{"href":"https:\/\/srodmiejska.waw.pl\/index.php?rest_route=%2Fwp%2Fv2%2Fmedia&parent=3589"}],"wp:term":[{"taxonomy":"category","embeddable":true,"href":"https:\/\/srodmiejska.waw.pl\/index.php?rest_route=%2Fwp%2Fv2%2Fcategories&post=3589"},{"taxonomy":"post_tag","embeddable":true,"href":"https:\/\/srodmiejska.waw.pl\/index.php?rest_route=%2Fwp%2Fv2%2Ftags&post=3589"}],"curies":[{"name":"wp","href":"https:\/\/api.w.org\/{rel}","templated":true}]}}