{"id":3447,"date":"2024-06-11T08:35:46","date_gmt":"2024-06-11T08:35:46","guid":{"rendered":"https:\/\/srodmiejska.waw.pl\/?p=3447"},"modified":"2024-06-11T08:35:46","modified_gmt":"2024-06-11T08:35:46","slug":"szanowni-mieszkancy-87","status":"publish","type":"post","link":"https:\/\/srodmiejska.waw.pl\/?p=3447","title":{"rendered":"Szanowni Mieszka\u0144cy,"},"content":{"rendered":"\n<p><strong>W budynkach Osiedla Za \u017belazn\u0105 Bram\u0105 odb\u0119dzie si\u0119 dezynsekcja i deratyzacja cz\u0119\u015bci wsp\u00f3lnych budynk\u00f3w:<\/strong><\/p>\n\n\n\n<p><strong>I tura:<\/strong><\/p>\n\n\n\n<p><strong>12.06.2024r. &#8211; <\/strong>Grzybowska 6\/10 <\/p>\n\n\n\n<p><strong>13.06.2024r.<\/strong> &#8211; Grzybowska 5 <\/p>\n\n\n\n<p><strong>14.06.2024r.<\/strong> &#8211; Grzybowska 9 <\/p>\n\n\n\n<p><strong>17.06.2024r.<\/strong> &#8211; Jana Paw\u0142a II 20<\/p>\n\n\n\n<p><strong>II tura <\/strong>:<\/p>\n\n\n\n<p><strong>25.06.2024r. &#8211; <\/strong>Grzybowska 6\/10<\/p>\n\n\n\n<p><strong>26.06.2024r.<\/strong> &#8211; Grzybowska 5 <\/p>\n\n\n\n<p><strong>27.06.2024r.<\/strong> &#8211; Grzybowska 9 <\/p>\n\n\n\n<p><strong>28.06.2024r.<\/strong> &#8211; Jana Paw\u0142a II 20<\/p>\n\n\n\n<p><strong>Prosimy o zachowanie ostro\u017cno\u015bci !!!<\/strong><\/p>\n","protected":false},"excerpt":{"rendered":"<p>W budynkach Osiedla Za \u017belazn\u0105 Bram\u0105 odb\u0119dzie si\u0119 dezynsekcja i deratyzacja cz\u0119\u015bci wsp\u00f3lnych budynk\u00f3w: I tura: 12.06.2024r. &#8211; Grzybowska 6\/10 13.06.2024r. &#8211; Grzybowska 5 14.06.2024r. &#8211; Grzybowska 9 17.06.2024r. &#8211; Jana Paw\u0142a II 20 II tura : 25.06.2024r. &#8211; Grzybowska 6\/10 26.06.2024r. &#8211; Grzybowska 5 27.06.2024r. &#8211; Grzybowska 9 28.06.2024r. &#8211; Jana Paw\u0142a II 20 Prosimy o zachowanie ostro\u017cno\u015bci !!!<\/p>\n","protected":false},"author":4,"featured_media":0,"comment_status":"closed","ping_status":"open","sticky":false,"template":"","format":"standard","meta":{"footnotes":""},"categories":[2],"tags":[],"class_list":["post-3447","post","type-post","status-publish","format-standard","hentry","category-aktualnosci"],"_links":{"self":[{"href":"https:\/\/srodmiejska.waw.pl\/index.php?rest_route=\/wp\/v2\/posts\/3447","targetHints":{"allow":["GET"]}}],"collection":[{"href":"https:\/\/srodmiejska.waw.pl\/index.php?rest_route=\/wp\/v2\/posts"}],"about":[{"href":"https:\/\/srodmiejska.waw.pl\/index.php?rest_route=\/wp\/v2\/types\/post"}],"author":[{"embeddable":true,"href":"https:\/\/srodmiejska.waw.pl\/index.php?rest_route=\/wp\/v2\/users\/4"}],"replies":[{"embeddable":true,"href":"https:\/\/srodmiejska.waw.pl\/index.php?rest_route=%2Fwp%2Fv2%2Fcomments&post=3447"}],"version-history":[{"count":1,"href":"https:\/\/srodmiejska.waw.pl\/index.php?rest_route=\/wp\/v2\/posts\/3447\/revisions"}],"predecessor-version":[{"id":3448,"href":"https:\/\/srodmiejska.waw.pl\/index.php?rest_route=\/wp\/v2\/posts\/3447\/revisions\/3448"}],"wp:attachment":[{"href":"https:\/\/srodmiejska.waw.pl\/index.php?rest_route=%2Fwp%2Fv2%2Fmedia&parent=3447"}],"wp:term":[{"taxonomy":"category","embeddable":true,"href":"https:\/\/srodmiejska.waw.pl\/index.php?rest_route=%2Fwp%2Fv2%2Fcategories&post=3447"},{"taxonomy":"post_tag","embeddable":true,"href":"https:\/\/srodmiejska.waw.pl\/index.php?rest_route=%2Fwp%2Fv2%2Ftags&post=3447"}],"curies":[{"name":"wp","href":"https:\/\/api.w.org\/{rel}","templated":true}]}}