{"id":3334,"date":"2024-01-24T09:17:37","date_gmt":"2024-01-24T09:17:37","guid":{"rendered":"https:\/\/srodmiejska.waw.pl\/?p=3334"},"modified":"2024-01-24T09:17:37","modified_gmt":"2024-01-24T09:17:37","slug":"szanowni-mieszkancy-74","status":"publish","type":"post","link":"https:\/\/srodmiejska.waw.pl\/?p=3334","title":{"rendered":"Szanowni Mieszka\u0144cy,"},"content":{"rendered":"\n<p>W dniu 30.01.2024 roku b\u0119d\u0105 przeprowadzane przegl\u0105dy przeciwpo\u017carowych wy\u0142\u0105cznik\u00f3w pr\u0105du, innych urz\u0105dze\u0144 przeciwpo\u017carowych.<\/p>\n\n\n\n<p>W zwi\u0105zku z wykonywanymi pracami b\u0119d\u0105 wyst\u0119powa\u0142y kr\u00f3tkie zaniki napi\u0119cia:<\/p>\n\n\n\n<p>&#8211; Grzybowska 9 w godz. 10<sup>00<\/sup> \u2013 19<sup>00<\/sup><\/p>\n\n\n\n<p>&#8211; Grzybowska 6\/10 w godz. 10<sup>00<\/sup> \u2013 19<sup>00<\/sup><\/p>\n\n\n\n<p>&#8211; Grzybowska 5 w godz. 10<sup>00<\/sup> \u2013 19<sup>00<\/sup><\/p>\n\n\n\n<p>&#8211; Aleja Jana Paw\u0142a II 20 w godz. 10<sup>00<\/sup> \u2013 19<sup>00<\/sup><\/p>\n\n\n\n<p>&#8211; Tamka 6\/8 w godz. 11<sup>00<\/sup> \u2013 14<sup>00<\/sup><\/p>\n\n\n\n<p>&#8211; Ptasia 6 w godz. 11<sup>00<\/sup> \u2013 14<sup>00<\/sup><\/p>\n\n\n\n<p>&#8211; Leszczyny 10 w godz. 9<sup>00<\/sup> \u2013 11<sup>00<\/sup><\/p>\n","protected":false},"excerpt":{"rendered":"<p>W dniu 30.01.2024 roku b\u0119d\u0105 przeprowadzane przegl\u0105dy przeciwpo\u017carowych wy\u0142\u0105cznik\u00f3w pr\u0105du, innych urz\u0105dze\u0144 przeciwpo\u017carowych. W zwi\u0105zku z wykonywanymi pracami b\u0119d\u0105 wyst\u0119powa\u0142y kr\u00f3tkie zaniki napi\u0119cia: &#8211; Grzybowska 9 w godz. 1000 \u2013 1900 &#8211; Grzybowska 6\/10 w godz. 1000 \u2013 1900 &#8211; Grzybowska 5 w godz. 1000 \u2013 1900 &#8211; Aleja Jana Paw\u0142a II 20 w godz. 1000 \u2013 1900 &#8211; Tamka<\/p>\n","protected":false},"author":4,"featured_media":0,"comment_status":"closed","ping_status":"open","sticky":false,"template":"","format":"standard","meta":{"footnotes":""},"categories":[2],"tags":[],"class_list":["post-3334","post","type-post","status-publish","format-standard","hentry","category-aktualnosci"],"_links":{"self":[{"href":"https:\/\/srodmiejska.waw.pl\/index.php?rest_route=\/wp\/v2\/posts\/3334","targetHints":{"allow":["GET"]}}],"collection":[{"href":"https:\/\/srodmiejska.waw.pl\/index.php?rest_route=\/wp\/v2\/posts"}],"about":[{"href":"https:\/\/srodmiejska.waw.pl\/index.php?rest_route=\/wp\/v2\/types\/post"}],"author":[{"embeddable":true,"href":"https:\/\/srodmiejska.waw.pl\/index.php?rest_route=\/wp\/v2\/users\/4"}],"replies":[{"embeddable":true,"href":"https:\/\/srodmiejska.waw.pl\/index.php?rest_route=%2Fwp%2Fv2%2Fcomments&post=3334"}],"version-history":[{"count":1,"href":"https:\/\/srodmiejska.waw.pl\/index.php?rest_route=\/wp\/v2\/posts\/3334\/revisions"}],"predecessor-version":[{"id":3335,"href":"https:\/\/srodmiejska.waw.pl\/index.php?rest_route=\/wp\/v2\/posts\/3334\/revisions\/3335"}],"wp:attachment":[{"href":"https:\/\/srodmiejska.waw.pl\/index.php?rest_route=%2Fwp%2Fv2%2Fmedia&parent=3334"}],"wp:term":[{"taxonomy":"category","embeddable":true,"href":"https:\/\/srodmiejska.waw.pl\/index.php?rest_route=%2Fwp%2Fv2%2Fcategories&post=3334"},{"taxonomy":"post_tag","embeddable":true,"href":"https:\/\/srodmiejska.waw.pl\/index.php?rest_route=%2Fwp%2Fv2%2Ftags&post=3334"}],"curies":[{"name":"wp","href":"https:\/\/api.w.org\/{rel}","templated":true}]}}