{"id":3310,"date":"2023-12-29T10:44:55","date_gmt":"2023-12-29T10:44:55","guid":{"rendered":"https:\/\/srodmiejska.waw.pl\/?p=3310"},"modified":"2023-12-29T10:44:55","modified_gmt":"2023-12-29T10:44:55","slug":"informacja-o-dezynsekcji-styczen-2024-r","status":"publish","type":"post","link":"https:\/\/srodmiejska.waw.pl\/?p=3310","title":{"rendered":"Informacja o dezynsekcji &#8211; stycze\u0144 2024 r."},"content":{"rendered":"\n<p>Szanowni Mieszka\u0144cy !<\/p>\n\n\n\n<p><strong>W dniach 2-4 stycznia 2024r.<\/strong> <strong>w budynkach Osiedla Za \u017belazn\u0105 Bram\u0105 odb\u0119dzie si\u0119 dezynsekcja i deratyzacja cz\u0119\u015bci wsp\u00f3lnych budynk\u00f3w:<\/strong><\/p>\n\n\n\n<p><strong>02-01-2024r. \u2013 Grzybowska 6\/10<\/strong><\/p>\n\n\n\n<p><strong>02-01-2024r. \u2013 Grzybowska 9<\/strong><\/p>\n\n\n\n<p><strong>03-01-2024r. \u2013 Grzybowska 5<\/strong><\/p>\n\n\n\n<p><strong>04-01-2024r. \u2013 Jana Paw\u0142a II 20<\/strong><\/p>\n\n\n\n<p><strong>Prosimy o zachowanie ostro\u017cno\u015bci !!!<\/strong><\/p>\n","protected":false},"excerpt":{"rendered":"<p>Szanowni Mieszka\u0144cy ! W dniach 2-4 stycznia 2024r. w budynkach Osiedla Za \u017belazn\u0105 Bram\u0105 odb\u0119dzie si\u0119 dezynsekcja i deratyzacja cz\u0119\u015bci wsp\u00f3lnych budynk\u00f3w: 02-01-2024r. \u2013 Grzybowska 6\/10 02-01-2024r. \u2013 Grzybowska 9 03-01-2024r. \u2013 Grzybowska 5 04-01-2024r. \u2013 Jana Paw\u0142a II 20 Prosimy o zachowanie ostro\u017cno\u015bci !!!<\/p>\n","protected":false},"author":4,"featured_media":0,"comment_status":"closed","ping_status":"open","sticky":false,"template":"","format":"standard","meta":{"footnotes":""},"categories":[2],"tags":[],"class_list":["post-3310","post","type-post","status-publish","format-standard","hentry","category-aktualnosci"],"_links":{"self":[{"href":"https:\/\/srodmiejska.waw.pl\/index.php?rest_route=\/wp\/v2\/posts\/3310","targetHints":{"allow":["GET"]}}],"collection":[{"href":"https:\/\/srodmiejska.waw.pl\/index.php?rest_route=\/wp\/v2\/posts"}],"about":[{"href":"https:\/\/srodmiejska.waw.pl\/index.php?rest_route=\/wp\/v2\/types\/post"}],"author":[{"embeddable":true,"href":"https:\/\/srodmiejska.waw.pl\/index.php?rest_route=\/wp\/v2\/users\/4"}],"replies":[{"embeddable":true,"href":"https:\/\/srodmiejska.waw.pl\/index.php?rest_route=%2Fwp%2Fv2%2Fcomments&post=3310"}],"version-history":[{"count":1,"href":"https:\/\/srodmiejska.waw.pl\/index.php?rest_route=\/wp\/v2\/posts\/3310\/revisions"}],"predecessor-version":[{"id":3311,"href":"https:\/\/srodmiejska.waw.pl\/index.php?rest_route=\/wp\/v2\/posts\/3310\/revisions\/3311"}],"wp:attachment":[{"href":"https:\/\/srodmiejska.waw.pl\/index.php?rest_route=%2Fwp%2Fv2%2Fmedia&parent=3310"}],"wp:term":[{"taxonomy":"category","embeddable":true,"href":"https:\/\/srodmiejska.waw.pl\/index.php?rest_route=%2Fwp%2Fv2%2Fcategories&post=3310"},{"taxonomy":"post_tag","embeddable":true,"href":"https:\/\/srodmiejska.waw.pl\/index.php?rest_route=%2Fwp%2Fv2%2Ftags&post=3310"}],"curies":[{"name":"wp","href":"https:\/\/api.w.org\/{rel}","templated":true}]}}