{"id":3294,"date":"2023-12-18T10:52:31","date_gmt":"2023-12-18T10:52:31","guid":{"rendered":"https:\/\/srodmiejska.waw.pl\/?p=3294"},"modified":"2023-12-18T10:52:31","modified_gmt":"2023-12-18T10:52:31","slug":"informacja-o-planowanej-dezynsekcji","status":"publish","type":"post","link":"https:\/\/srodmiejska.waw.pl\/?p=3294","title":{"rendered":"Informacja o planowanej dezynsekcji"},"content":{"rendered":"\n<p><strong>W dniach 19 &#8211; 22 grudnia 2023r.<\/strong> <strong>w budynkach Osiedla Za \u017belazn\u0105 Bram\u0105 odb\u0119dzie si\u0119 dezynsekcja i deratyzacja cz\u0119\u015bci wsp\u00f3lnych budynk\u00f3w:<\/strong><\/p>\n\n\n\n<p><strong>19-12-2023r. \u2013 Grzybowska 6\/10<\/strong><\/p>\n\n\n\n<p><strong>20-12-2023r. \u2013 Grzybowska 9<\/strong><\/p>\n\n\n\n<p><strong>21-12-2023r. \u2013 Grzybowska 5<\/strong><\/p>\n\n\n\n<p><strong>22-12-2023r. \u2013 Jana Paw\u0142a II 20<\/strong><\/p>\n\n\n\n<p><strong>Prosimy o zachowanie ostro\u017cno\u015bci !!!<\/strong><\/p>\n","protected":false},"excerpt":{"rendered":"<p>W dniach 19 &#8211; 22 grudnia 2023r. w budynkach Osiedla Za \u017belazn\u0105 Bram\u0105 odb\u0119dzie si\u0119 dezynsekcja i deratyzacja cz\u0119\u015bci wsp\u00f3lnych budynk\u00f3w: 19-12-2023r. \u2013 Grzybowska 6\/10 20-12-2023r. \u2013 Grzybowska 9 21-12-2023r. \u2013 Grzybowska 5 22-12-2023r. \u2013 Jana Paw\u0142a II 20 Prosimy o zachowanie ostro\u017cno\u015bci !!!<\/p>\n","protected":false},"author":4,"featured_media":0,"comment_status":"closed","ping_status":"open","sticky":false,"template":"","format":"standard","meta":{"footnotes":""},"categories":[2],"tags":[],"class_list":["post-3294","post","type-post","status-publish","format-standard","hentry","category-aktualnosci"],"_links":{"self":[{"href":"https:\/\/srodmiejska.waw.pl\/index.php?rest_route=\/wp\/v2\/posts\/3294","targetHints":{"allow":["GET"]}}],"collection":[{"href":"https:\/\/srodmiejska.waw.pl\/index.php?rest_route=\/wp\/v2\/posts"}],"about":[{"href":"https:\/\/srodmiejska.waw.pl\/index.php?rest_route=\/wp\/v2\/types\/post"}],"author":[{"embeddable":true,"href":"https:\/\/srodmiejska.waw.pl\/index.php?rest_route=\/wp\/v2\/users\/4"}],"replies":[{"embeddable":true,"href":"https:\/\/srodmiejska.waw.pl\/index.php?rest_route=%2Fwp%2Fv2%2Fcomments&post=3294"}],"version-history":[{"count":1,"href":"https:\/\/srodmiejska.waw.pl\/index.php?rest_route=\/wp\/v2\/posts\/3294\/revisions"}],"predecessor-version":[{"id":3295,"href":"https:\/\/srodmiejska.waw.pl\/index.php?rest_route=\/wp\/v2\/posts\/3294\/revisions\/3295"}],"wp:attachment":[{"href":"https:\/\/srodmiejska.waw.pl\/index.php?rest_route=%2Fwp%2Fv2%2Fmedia&parent=3294"}],"wp:term":[{"taxonomy":"category","embeddable":true,"href":"https:\/\/srodmiejska.waw.pl\/index.php?rest_route=%2Fwp%2Fv2%2Fcategories&post=3294"},{"taxonomy":"post_tag","embeddable":true,"href":"https:\/\/srodmiejska.waw.pl\/index.php?rest_route=%2Fwp%2Fv2%2Ftags&post=3294"}],"curies":[{"name":"wp","href":"https:\/\/api.w.org\/{rel}","templated":true}]}}