{"id":3188,"date":"2023-06-26T08:33:51","date_gmt":"2023-06-26T08:33:51","guid":{"rendered":"http:\/\/srodmiejska.waw.pl\/?p=3188"},"modified":"2023-06-26T08:33:51","modified_gmt":"2023-06-26T08:33:51","slug":"szanowni-mieszkancy-57","status":"publish","type":"post","link":"https:\/\/srodmiejska.waw.pl\/?p=3188","title":{"rendered":"Szanowni Mieszka\u0144cy,"},"content":{"rendered":"\n<p>W dniach 28-29 czerwca 2023r. w budynkach Osiedla Za \u017belazn\u0105 Bram\u0105 odb\u0119dzie si\u0119 dezynsekcja i deratyzacja cz\u0119\u015bci wsp\u00f3lnych budynk\u00f3w:<\/p>\n\n\n\n<p>28-06-2023r. \u2013 Grzybowska 6\/10<\/p>\n\n\n\n<p>28-06-2023r. \u2013 Grzybowska 9<\/p>\n\n\n\n<p>29-06-2023r. \u2013 Grzybowska 5<\/p>\n\n\n\n<p>29-06-2023r. \u2013 Jana Paw\u0142a II 20<\/p>\n\n\n\n<p><strong>Prosimy o zachowanie ostro\u017cno\u015bci !!!<\/strong><\/p>\n","protected":false},"excerpt":{"rendered":"<p>W dniach 28-29 czerwca 2023r. w budynkach Osiedla Za \u017belazn\u0105 Bram\u0105 odb\u0119dzie si\u0119 dezynsekcja i deratyzacja cz\u0119\u015bci wsp\u00f3lnych budynk\u00f3w: 28-06-2023r. \u2013 Grzybowska 6\/10 28-06-2023r. \u2013 Grzybowska 9 29-06-2023r. \u2013 Grzybowska 5 29-06-2023r. \u2013 Jana Paw\u0142a II 20 Prosimy o zachowanie ostro\u017cno\u015bci !!!<\/p>\n","protected":false},"author":4,"featured_media":0,"comment_status":"closed","ping_status":"open","sticky":false,"template":"","format":"standard","meta":{"footnotes":""},"categories":[2],"tags":[],"class_list":["post-3188","post","type-post","status-publish","format-standard","hentry","category-aktualnosci"],"_links":{"self":[{"href":"https:\/\/srodmiejska.waw.pl\/index.php?rest_route=\/wp\/v2\/posts\/3188","targetHints":{"allow":["GET"]}}],"collection":[{"href":"https:\/\/srodmiejska.waw.pl\/index.php?rest_route=\/wp\/v2\/posts"}],"about":[{"href":"https:\/\/srodmiejska.waw.pl\/index.php?rest_route=\/wp\/v2\/types\/post"}],"author":[{"embeddable":true,"href":"https:\/\/srodmiejska.waw.pl\/index.php?rest_route=\/wp\/v2\/users\/4"}],"replies":[{"embeddable":true,"href":"https:\/\/srodmiejska.waw.pl\/index.php?rest_route=%2Fwp%2Fv2%2Fcomments&post=3188"}],"version-history":[{"count":1,"href":"https:\/\/srodmiejska.waw.pl\/index.php?rest_route=\/wp\/v2\/posts\/3188\/revisions"}],"predecessor-version":[{"id":3189,"href":"https:\/\/srodmiejska.waw.pl\/index.php?rest_route=\/wp\/v2\/posts\/3188\/revisions\/3189"}],"wp:attachment":[{"href":"https:\/\/srodmiejska.waw.pl\/index.php?rest_route=%2Fwp%2Fv2%2Fmedia&parent=3188"}],"wp:term":[{"taxonomy":"category","embeddable":true,"href":"https:\/\/srodmiejska.waw.pl\/index.php?rest_route=%2Fwp%2Fv2%2Fcategories&post=3188"},{"taxonomy":"post_tag","embeddable":true,"href":"https:\/\/srodmiejska.waw.pl\/index.php?rest_route=%2Fwp%2Fv2%2Ftags&post=3188"}],"curies":[{"name":"wp","href":"https:\/\/api.w.org\/{rel}","templated":true}]}}