{"id":3083,"date":"2023-03-21T16:32:01","date_gmt":"2023-03-21T16:32:01","guid":{"rendered":"http:\/\/srodmiejska.waw.pl\/?p=3083"},"modified":"2023-03-21T16:32:01","modified_gmt":"2023-03-21T16:32:01","slug":"szanowni-mieszkancy-42","status":"publish","type":"post","link":"https:\/\/srodmiejska.waw.pl\/?p=3083","title":{"rendered":"Szanowni Mieszka\u0144cy,"},"content":{"rendered":"\n<p>W dniach 27-30.03.2023 nast\u0105pi druga tura dezynsekcji i deratyzacji cz\u0119\u015bci wsp\u00f3lnych budynk\u00f3w OZ\u017bB :<\/p>\n\n\n\n<p> 27-03-2023r. &#8211; Grzybowska 6\/10 <\/p>\n\n\n\n<p>\u00a028-03-2023r. &#8211; Grzybowska 5<\/p>\n\n\n\n<p>29-03-2023r. &#8211; Grzybowska 9<\/p>\n\n\n\n<p>30-03-2023r. &#8211; Jana Paw\u0142a II 20<\/p>\n\n\n\n<p>Prosimy o zachowanie ostro\u017cno\u015bci!!! <\/p>\n","protected":false},"excerpt":{"rendered":"<p>W dniach 27-30.03.2023 nast\u0105pi druga tura dezynsekcji i deratyzacji cz\u0119\u015bci wsp\u00f3lnych budynk\u00f3w OZ\u017bB : 27-03-2023r. &#8211; Grzybowska 6\/10 \u00a028-03-2023r. &#8211; Grzybowska 5 29-03-2023r. &#8211; Grzybowska 9 30-03-2023r. &#8211; Jana Paw\u0142a II 20 Prosimy o zachowanie ostro\u017cno\u015bci!!!<\/p>\n","protected":false},"author":4,"featured_media":0,"comment_status":"closed","ping_status":"open","sticky":false,"template":"","format":"standard","meta":{"footnotes":""},"categories":[2],"tags":[],"class_list":["post-3083","post","type-post","status-publish","format-standard","hentry","category-aktualnosci"],"_links":{"self":[{"href":"https:\/\/srodmiejska.waw.pl\/index.php?rest_route=\/wp\/v2\/posts\/3083","targetHints":{"allow":["GET"]}}],"collection":[{"href":"https:\/\/srodmiejska.waw.pl\/index.php?rest_route=\/wp\/v2\/posts"}],"about":[{"href":"https:\/\/srodmiejska.waw.pl\/index.php?rest_route=\/wp\/v2\/types\/post"}],"author":[{"embeddable":true,"href":"https:\/\/srodmiejska.waw.pl\/index.php?rest_route=\/wp\/v2\/users\/4"}],"replies":[{"embeddable":true,"href":"https:\/\/srodmiejska.waw.pl\/index.php?rest_route=%2Fwp%2Fv2%2Fcomments&post=3083"}],"version-history":[{"count":1,"href":"https:\/\/srodmiejska.waw.pl\/index.php?rest_route=\/wp\/v2\/posts\/3083\/revisions"}],"predecessor-version":[{"id":3084,"href":"https:\/\/srodmiejska.waw.pl\/index.php?rest_route=\/wp\/v2\/posts\/3083\/revisions\/3084"}],"wp:attachment":[{"href":"https:\/\/srodmiejska.waw.pl\/index.php?rest_route=%2Fwp%2Fv2%2Fmedia&parent=3083"}],"wp:term":[{"taxonomy":"category","embeddable":true,"href":"https:\/\/srodmiejska.waw.pl\/index.php?rest_route=%2Fwp%2Fv2%2Fcategories&post=3083"},{"taxonomy":"post_tag","embeddable":true,"href":"https:\/\/srodmiejska.waw.pl\/index.php?rest_route=%2Fwp%2Fv2%2Ftags&post=3083"}],"curies":[{"name":"wp","href":"https:\/\/api.w.org\/{rel}","templated":true}]}}