{"id":2965,"date":"2022-11-23T13:11:48","date_gmt":"2022-11-23T13:11:48","guid":{"rendered":"http:\/\/srodmiejska.waw.pl\/?p=2965"},"modified":"2022-11-23T13:11:48","modified_gmt":"2022-11-23T13:11:48","slug":"szanowni-mieszkancy-30","status":"publish","type":"post","link":"https:\/\/srodmiejska.waw.pl\/?p=2965","title":{"rendered":"Szanowni Mieszka\u0144cy,"},"content":{"rendered":"\n<p>W dniach 28.11.2022r. \u2013 01.12.2022r. w budynkach Osiedla Za \u017belazn\u0105 Bram\u0105 odb\u0119dzie si\u0119 drugi etap dezynsekcji i deratyzacji cz\u0119\u015bci wsp\u00f3lnych budynk\u00f3w:<\/p>\n\n\n\n<p>28.11.2022r. \u2013 ul. Grzybowska 6\/10<\/p>\n\n\n\n<p>29.11.2022r. \u2013 ul. Grzybowska 5<\/p>\n\n\n\n<p>30.11.2022r. \u2013 ul. Grzybowska 9<\/p>\n\n\n\n<p>01.12.2022r. \u2013Al. Jana Paw\u0142a II 20.<\/p>\n\n\n\n<p>Prosimy o zachowanie ostro\u017cno\u015bci!!!<\/p>\n","protected":false},"excerpt":{"rendered":"<p>W dniach 28.11.2022r. \u2013 01.12.2022r. w budynkach Osiedla Za \u017belazn\u0105 Bram\u0105 odb\u0119dzie si\u0119 drugi etap dezynsekcji i deratyzacji cz\u0119\u015bci wsp\u00f3lnych budynk\u00f3w: 28.11.2022r. \u2013 ul. Grzybowska 6\/10 29.11.2022r. \u2013 ul. Grzybowska 5 30.11.2022r. \u2013 ul. Grzybowska 9 01.12.2022r. \u2013Al. Jana Paw\u0142a II 20. Prosimy o zachowanie ostro\u017cno\u015bci!!!<\/p>\n","protected":false},"author":4,"featured_media":0,"comment_status":"closed","ping_status":"open","sticky":false,"template":"","format":"standard","meta":{"footnotes":""},"categories":[2],"tags":[],"class_list":["post-2965","post","type-post","status-publish","format-standard","hentry","category-aktualnosci"],"_links":{"self":[{"href":"https:\/\/srodmiejska.waw.pl\/index.php?rest_route=\/wp\/v2\/posts\/2965","targetHints":{"allow":["GET"]}}],"collection":[{"href":"https:\/\/srodmiejska.waw.pl\/index.php?rest_route=\/wp\/v2\/posts"}],"about":[{"href":"https:\/\/srodmiejska.waw.pl\/index.php?rest_route=\/wp\/v2\/types\/post"}],"author":[{"embeddable":true,"href":"https:\/\/srodmiejska.waw.pl\/index.php?rest_route=\/wp\/v2\/users\/4"}],"replies":[{"embeddable":true,"href":"https:\/\/srodmiejska.waw.pl\/index.php?rest_route=%2Fwp%2Fv2%2Fcomments&post=2965"}],"version-history":[{"count":1,"href":"https:\/\/srodmiejska.waw.pl\/index.php?rest_route=\/wp\/v2\/posts\/2965\/revisions"}],"predecessor-version":[{"id":2966,"href":"https:\/\/srodmiejska.waw.pl\/index.php?rest_route=\/wp\/v2\/posts\/2965\/revisions\/2966"}],"wp:attachment":[{"href":"https:\/\/srodmiejska.waw.pl\/index.php?rest_route=%2Fwp%2Fv2%2Fmedia&parent=2965"}],"wp:term":[{"taxonomy":"category","embeddable":true,"href":"https:\/\/srodmiejska.waw.pl\/index.php?rest_route=%2Fwp%2Fv2%2Fcategories&post=2965"},{"taxonomy":"post_tag","embeddable":true,"href":"https:\/\/srodmiejska.waw.pl\/index.php?rest_route=%2Fwp%2Fv2%2Ftags&post=2965"}],"curies":[{"name":"wp","href":"https:\/\/api.w.org\/{rel}","templated":true}]}}