{"id":2807,"date":"2022-07-04T06:41:19","date_gmt":"2022-07-04T06:41:19","guid":{"rendered":"http:\/\/srodmiejska.waw.pl\/?p=2807"},"modified":"2022-07-04T06:43:38","modified_gmt":"2022-07-04T06:43:38","slug":"szanowni-mieszkancy-18","status":"publish","type":"post","link":"https:\/\/srodmiejska.waw.pl\/?p=2807","title":{"rendered":"Szanowni Mieszka\u0144cy,"},"content":{"rendered":"\n<p>W dniach od 5.07.2022r. do 08.07.2022r. b\u0119dzie przeprowadzona dezynsekcja i deratyzacja cz\u0119\u015bci wsp\u00f3lnych budynk\u00f3w Osiedla Za \u017belazn\u0105 Bram\u0105.<\/p>\n\n\n\n<p>Ul. Grzybowska 6\/10 \u00a0\u00a0\u00a0&#8211;\u00a0\u00a0 05.07.2022r.<\/p>\n\n\n\n<p>Ul. Grzybowska 5\u00a0\u00a0\u00a0\u00a0\u00a0\u00a0\u00a0\u00a0\u00a0 &#8211;\u00a0\u00a0 06.07.2022r.<\/p>\n\n\n\n<p>Ul. Grzybowska 9\u00a0\u00a0\u00a0\u00a0\u00a0\u00a0\u00a0\u00a0\u00a0 &#8211;\u00a0\u00a0 07.07.2022r.<\/p>\n\n\n\n<p>al. Jana Paw\u0142a II 20\u00a0\u00a0\u00a0\u00a0\u00a0\u00a0 &#8211;\u00a0\u00a0 08.07.2022r.<\/p>\n\n\n\n<p>Prosimy o zachowanie ostro\u017cno\u015bci.<\/p>\n\n\n\n<p>Administracja \u015aSM<\/p>\n","protected":false},"excerpt":{"rendered":"<p>W dniach od 5.07.2022r. do 08.07.2022r. b\u0119dzie przeprowadzona dezynsekcja i deratyzacja cz\u0119\u015bci wsp\u00f3lnych budynk\u00f3w Osiedla Za \u017belazn\u0105 Bram\u0105. Ul. Grzybowska 6\/10 \u00a0\u00a0\u00a0&#8211;\u00a0\u00a0 05.07.2022r. Ul. Grzybowska 5\u00a0\u00a0\u00a0\u00a0\u00a0\u00a0\u00a0\u00a0\u00a0 &#8211;\u00a0\u00a0 06.07.2022r. Ul. Grzybowska 9\u00a0\u00a0\u00a0\u00a0\u00a0\u00a0\u00a0\u00a0\u00a0 &#8211;\u00a0\u00a0 07.07.2022r. al. Jana Paw\u0142a II 20\u00a0\u00a0\u00a0\u00a0\u00a0\u00a0 &#8211;\u00a0\u00a0 08.07.2022r. Prosimy o zachowanie ostro\u017cno\u015bci. Administracja \u015aSM<\/p>\n","protected":false},"author":4,"featured_media":0,"comment_status":"closed","ping_status":"open","sticky":false,"template":"","format":"standard","meta":{"footnotes":""},"categories":[2],"tags":[],"class_list":["post-2807","post","type-post","status-publish","format-standard","hentry","category-aktualnosci"],"_links":{"self":[{"href":"https:\/\/srodmiejska.waw.pl\/index.php?rest_route=\/wp\/v2\/posts\/2807","targetHints":{"allow":["GET"]}}],"collection":[{"href":"https:\/\/srodmiejska.waw.pl\/index.php?rest_route=\/wp\/v2\/posts"}],"about":[{"href":"https:\/\/srodmiejska.waw.pl\/index.php?rest_route=\/wp\/v2\/types\/post"}],"author":[{"embeddable":true,"href":"https:\/\/srodmiejska.waw.pl\/index.php?rest_route=\/wp\/v2\/users\/4"}],"replies":[{"embeddable":true,"href":"https:\/\/srodmiejska.waw.pl\/index.php?rest_route=%2Fwp%2Fv2%2Fcomments&post=2807"}],"version-history":[{"count":3,"href":"https:\/\/srodmiejska.waw.pl\/index.php?rest_route=\/wp\/v2\/posts\/2807\/revisions"}],"predecessor-version":[{"id":2810,"href":"https:\/\/srodmiejska.waw.pl\/index.php?rest_route=\/wp\/v2\/posts\/2807\/revisions\/2810"}],"wp:attachment":[{"href":"https:\/\/srodmiejska.waw.pl\/index.php?rest_route=%2Fwp%2Fv2%2Fmedia&parent=2807"}],"wp:term":[{"taxonomy":"category","embeddable":true,"href":"https:\/\/srodmiejska.waw.pl\/index.php?rest_route=%2Fwp%2Fv2%2Fcategories&post=2807"},{"taxonomy":"post_tag","embeddable":true,"href":"https:\/\/srodmiejska.waw.pl\/index.php?rest_route=%2Fwp%2Fv2%2Ftags&post=2807"}],"curies":[{"name":"wp","href":"https:\/\/api.w.org\/{rel}","templated":true}]}}