{"id":2591,"date":"2021-11-22T10:51:00","date_gmt":"2021-11-22T10:51:00","guid":{"rendered":"http:\/\/srodmiejska.waw.pl\/?p=2591"},"modified":"2021-11-22T10:51:00","modified_gmt":"2021-11-22T10:51:00","slug":"informacja-o-planowanej-dezynsekcji-i-deratyzacji-w-budynku-przy-ul-jana-pawla-ii-20","status":"publish","type":"post","link":"https:\/\/srodmiejska.waw.pl\/?p=2591","title":{"rendered":"Informacja o planowanej dezynsekcji i deratyzacji w budynku przy ul. Jana Paw\u0142a II 20"},"content":{"rendered":"\n<p>Szanowni Mieszka\u0144cy,<\/p>\n\n\n\n<p>bardzo prosimy o zapoznanie si\u0119 z Informacj\u0105 o planowanej dezynsekcji i deratyzacji w budynku przy ul. Jana Paw\u0142a II 20<\/p>\n\n\n\n<div class=\"wp-block-file\"><a href=\"http:\/\/srodmiejska.waw.pl\/wp-content\/uploads\/2021\/11\/Informacja-dot.-JP-II-20.pdf\">Informacja-dot.-JP-II-20<\/a><a href=\"http:\/\/srodmiejska.waw.pl\/wp-content\/uploads\/2021\/11\/Informacja-dot.-JP-II-20.pdf\" class=\"wp-block-file__button\" download>Pobierz<\/a><\/div>\n\n\n","protected":false},"excerpt":{"rendered":"<p>Szanowni Mieszka\u0144cy, bardzo prosimy o zapoznanie si\u0119 z Informacj\u0105 o planowanej dezynsekcji i deratyzacji w budynku przy ul. Jana Paw\u0142a II 20<\/p>\n","protected":false},"author":4,"featured_media":0,"comment_status":"closed","ping_status":"open","sticky":false,"template":"","format":"standard","meta":{"footnotes":""},"categories":[2],"tags":[],"class_list":["post-2591","post","type-post","status-publish","format-standard","hentry","category-aktualnosci"],"_links":{"self":[{"href":"https:\/\/srodmiejska.waw.pl\/index.php?rest_route=\/wp\/v2\/posts\/2591","targetHints":{"allow":["GET"]}}],"collection":[{"href":"https:\/\/srodmiejska.waw.pl\/index.php?rest_route=\/wp\/v2\/posts"}],"about":[{"href":"https:\/\/srodmiejska.waw.pl\/index.php?rest_route=\/wp\/v2\/types\/post"}],"author":[{"embeddable":true,"href":"https:\/\/srodmiejska.waw.pl\/index.php?rest_route=\/wp\/v2\/users\/4"}],"replies":[{"embeddable":true,"href":"https:\/\/srodmiejska.waw.pl\/index.php?rest_route=%2Fwp%2Fv2%2Fcomments&post=2591"}],"version-history":[{"count":1,"href":"https:\/\/srodmiejska.waw.pl\/index.php?rest_route=\/wp\/v2\/posts\/2591\/revisions"}],"predecessor-version":[{"id":2593,"href":"https:\/\/srodmiejska.waw.pl\/index.php?rest_route=\/wp\/v2\/posts\/2591\/revisions\/2593"}],"wp:attachment":[{"href":"https:\/\/srodmiejska.waw.pl\/index.php?rest_route=%2Fwp%2Fv2%2Fmedia&parent=2591"}],"wp:term":[{"taxonomy":"category","embeddable":true,"href":"https:\/\/srodmiejska.waw.pl\/index.php?rest_route=%2Fwp%2Fv2%2Fcategories&post=2591"},{"taxonomy":"post_tag","embeddable":true,"href":"https:\/\/srodmiejska.waw.pl\/index.php?rest_route=%2Fwp%2Fv2%2Ftags&post=2591"}],"curies":[{"name":"wp","href":"https:\/\/api.w.org\/{rel}","templated":true}]}}