{"id":1813,"date":"2019-01-30T09:52:01","date_gmt":"2019-01-30T09:52:01","guid":{"rendered":"http:\/\/srodmiejska.waw.pl\/?p=1813"},"modified":"2019-01-30T09:52:01","modified_gmt":"2019-01-30T09:52:01","slug":"kwartalne-zestawienie-naleznosci-objetych-postepowaniem-windykacyjnym-w-srodmiejskiej-spoldzielni-mieszkaniowej-w-upadlosci-likwidacyjnej_-pazdziernik-grudzien-2018-r","status":"publish","type":"post","link":"https:\/\/srodmiejska.waw.pl\/?p=1813","title":{"rendered":"Kwartalne zestawienie nale\u017cno\u015bci obj\u0119tych post\u0119powaniem windykacyjnym w \u015ar\u00f3dmiejskiej Sp\u00f3\u0142dzielni Mieszkaniowej w upad\u0142o\u015bci likwidacyjnej_ pa\u017adziernik-grudzie\u0144 2018 r."},"content":{"rendered":"<p>Szanowni Pa\u0144stwo,<\/p>\n<p>Poni\u017cej zamieszczamy zestawienie nale\u017cno\u015bci obj\u0119tych post\u0119powaniem windykacyjnym w okresie od pa\u017adziernika do grudnia 2018 r.<\/p>\n<p><a href=\"http:\/\/srodmiejska.waw.pl\/?attachment_id=1814\" rel=\"attachment wp-att-1814\">Kwartalne zestawienie nale\u017cno\u015bci obj\u0119tych post\u0119powaniem windykacyjnym _pa\u017adziernik-grudzie\u0144 2018 r<\/a><\/p>\n<p>&nbsp;<\/p>\n","protected":false},"excerpt":{"rendered":"<p>Szanowni Pa\u0144stwo, Poni\u017cej zamieszczamy zestawienie nale\u017cno\u015bci obj\u0119tych post\u0119powaniem windykacyjnym w okresie od pa\u017adziernika do grudnia 2018 r. Kwartalne zestawienie nale\u017cno\u015bci obj\u0119tych post\u0119powaniem windykacyjnym _pa\u017adziernik-grudzie\u0144 2018 r &nbsp;<\/p>\n","protected":false},"author":4,"featured_media":1815,"comment_status":"closed","ping_status":"open","sticky":false,"template":"","format":"standard","meta":{"footnotes":""},"categories":[2],"tags":[],"class_list":["post-1813","post","type-post","status-publish","format-standard","has-post-thumbnail","hentry","category-aktualnosci"],"_links":{"self":[{"href":"https:\/\/srodmiejska.waw.pl\/index.php?rest_route=\/wp\/v2\/posts\/1813","targetHints":{"allow":["GET"]}}],"collection":[{"href":"https:\/\/srodmiejska.waw.pl\/index.php?rest_route=\/wp\/v2\/posts"}],"about":[{"href":"https:\/\/srodmiejska.waw.pl\/index.php?rest_route=\/wp\/v2\/types\/post"}],"author":[{"embeddable":true,"href":"https:\/\/srodmiejska.waw.pl\/index.php?rest_route=\/wp\/v2\/users\/4"}],"replies":[{"embeddable":true,"href":"https:\/\/srodmiejska.waw.pl\/index.php?rest_route=%2Fwp%2Fv2%2Fcomments&post=1813"}],"version-history":[{"count":1,"href":"https:\/\/srodmiejska.waw.pl\/index.php?rest_route=\/wp\/v2\/posts\/1813\/revisions"}],"predecessor-version":[{"id":1816,"href":"https:\/\/srodmiejska.waw.pl\/index.php?rest_route=\/wp\/v2\/posts\/1813\/revisions\/1816"}],"wp:featuredmedia":[{"embeddable":true,"href":"https:\/\/srodmiejska.waw.pl\/index.php?rest_route=\/wp\/v2\/media\/1815"}],"wp:attachment":[{"href":"https:\/\/srodmiejska.waw.pl\/index.php?rest_route=%2Fwp%2Fv2%2Fmedia&parent=1813"}],"wp:term":[{"taxonomy":"category","embeddable":true,"href":"https:\/\/srodmiejska.waw.pl\/index.php?rest_route=%2Fwp%2Fv2%2Fcategories&post=1813"},{"taxonomy":"post_tag","embeddable":true,"href":"https:\/\/srodmiejska.waw.pl\/index.php?rest_route=%2Fwp%2Fv2%2Ftags&post=1813"}],"curies":[{"name":"wp","href":"https:\/\/api.w.org\/{rel}","templated":true}]}}