{"id":1610,"date":"2018-09-28T08:09:57","date_gmt":"2018-09-28T08:09:57","guid":{"rendered":"http:\/\/srodmiejska.waw.pl\/?p=1610"},"modified":"2018-09-28T08:09:57","modified_gmt":"2018-09-28T08:09:57","slug":"komunikat-zarzadu-nr-292018","status":"publish","type":"post","link":"https:\/\/srodmiejska.waw.pl\/?p=1610","title":{"rendered":"Komunikat Zarz\u0105du nr 2\/9\/2018"},"content":{"rendered":"<p>Szanowni Pa\u0144stwo,<\/p>\n<p>Prosimy o zapoznanie si\u0119 z Komunikatem Zarz\u0105du \u015ar\u00f3dmiejskiej Sp\u00f3\u0142dzielni Mieszkaniowej w upad\u0142o\u015bci likwidacyjnej z dn. 27.09.2018 r.<\/p>\n<p><a href=\"http:\/\/srodmiejska.waw.pl\/wp-content\/uploads\/2018\/09\/Komunikat-Zarz\u0105du-\u015aSM-w-upad\u0142o\u015bci-likwidacyjnej-z-27.09.2018-r.pdf\">Komunikat Zarz\u0105du \u015aSM w upad\u0142o\u015bci likwidacyjnej z 27.09.2018 r<\/a><\/p>\n<p>&nbsp;<\/p>\n","protected":false},"excerpt":{"rendered":"<p>Szanowni Pa\u0144stwo, Prosimy o zapoznanie si\u0119 z Komunikatem Zarz\u0105du \u015ar\u00f3dmiejskiej Sp\u00f3\u0142dzielni Mieszkaniowej w upad\u0142o\u015bci likwidacyjnej z dn. 27.09.2018 r. Komunikat Zarz\u0105du \u015aSM w upad\u0142o\u015bci likwidacyjnej z 27.09.2018 r &nbsp;<\/p>\n","protected":false},"author":4,"featured_media":1612,"comment_status":"closed","ping_status":"open","sticky":false,"template":"","format":"standard","meta":{"footnotes":""},"categories":[2],"tags":[],"class_list":["post-1610","post","type-post","status-publish","format-standard","has-post-thumbnail","hentry","category-aktualnosci"],"_links":{"self":[{"href":"https:\/\/srodmiejska.waw.pl\/index.php?rest_route=\/wp\/v2\/posts\/1610","targetHints":{"allow":["GET"]}}],"collection":[{"href":"https:\/\/srodmiejska.waw.pl\/index.php?rest_route=\/wp\/v2\/posts"}],"about":[{"href":"https:\/\/srodmiejska.waw.pl\/index.php?rest_route=\/wp\/v2\/types\/post"}],"author":[{"embeddable":true,"href":"https:\/\/srodmiejska.waw.pl\/index.php?rest_route=\/wp\/v2\/users\/4"}],"replies":[{"embeddable":true,"href":"https:\/\/srodmiejska.waw.pl\/index.php?rest_route=%2Fwp%2Fv2%2Fcomments&post=1610"}],"version-history":[{"count":1,"href":"https:\/\/srodmiejska.waw.pl\/index.php?rest_route=\/wp\/v2\/posts\/1610\/revisions"}],"predecessor-version":[{"id":1613,"href":"https:\/\/srodmiejska.waw.pl\/index.php?rest_route=\/wp\/v2\/posts\/1610\/revisions\/1613"}],"wp:featuredmedia":[{"embeddable":true,"href":"https:\/\/srodmiejska.waw.pl\/index.php?rest_route=\/wp\/v2\/media\/1612"}],"wp:attachment":[{"href":"https:\/\/srodmiejska.waw.pl\/index.php?rest_route=%2Fwp%2Fv2%2Fmedia&parent=1610"}],"wp:term":[{"taxonomy":"category","embeddable":true,"href":"https:\/\/srodmiejska.waw.pl\/index.php?rest_route=%2Fwp%2Fv2%2Fcategories&post=1610"},{"taxonomy":"post_tag","embeddable":true,"href":"https:\/\/srodmiejska.waw.pl\/index.php?rest_route=%2Fwp%2Fv2%2Ftags&post=1610"}],"curies":[{"name":"wp","href":"https:\/\/api.w.org\/{rel}","templated":true}]}}