{"id":1606,"date":"2018-09-28T06:47:35","date_gmt":"2018-09-28T06:47:35","guid":{"rendered":"http:\/\/srodmiejska.waw.pl\/?p=1606"},"modified":"2018-09-28T06:47:35","modified_gmt":"2018-09-28T06:47:35","slug":"pismo-syndyka-do-czlonkow-zarzadu-srodmiejskiej-spoldzielni-mieszkaniowej-w-upadlosci-likwidacyjnej","status":"publish","type":"post","link":"https:\/\/srodmiejska.waw.pl\/?p=1606","title":{"rendered":"Pismo Syndyka do Cz\u0142onk\u00f3w Zarz\u0105du \u015ar\u00f3dmiejskiej Sp\u00f3\u0142dzielni Mieszkaniowej w upad\u0142o\u015bci likwidacyjnej"},"content":{"rendered":"<p>Szanowni Pa\u0144stwo,<\/p>\n<p>Poni\u017cej za\u0142\u0105czamy tre\u015b\u0107 pisma Syndyka do Cz\u0142onk\u00f3w Zarz\u0105du \u015ar\u00f3dmiejskiej Sp\u00f3\u0142dzielni Mieszkaniowej w upad\u0142o\u015bci likwidacyjnej z dnia 27.09.2018 r.<\/p>\n<p><a href=\"http:\/\/srodmiejska.waw.pl\/wp-content\/uploads\/2018\/09\/Pismo-Syndyka-do-Cz\u0142onk\u00f3w-Zarz\u0105du-\u015aSM-2.pdf\">Pismo Syndyka do Cz\u0142onk\u00f3w Zarz\u0105du \u015aSM<\/a><\/p>\n<p>&nbsp;<\/p>\n","protected":false},"excerpt":{"rendered":"<p>Szanowni Pa\u0144stwo, Poni\u017cej za\u0142\u0105czamy tre\u015b\u0107 pisma Syndyka do Cz\u0142onk\u00f3w Zarz\u0105du \u015ar\u00f3dmiejskiej Sp\u00f3\u0142dzielni Mieszkaniowej w upad\u0142o\u015bci likwidacyjnej z dnia 27.09.2018 r. Pismo Syndyka do Cz\u0142onk\u00f3w Zarz\u0105du \u015aSM &nbsp;<\/p>\n","protected":false},"author":4,"featured_media":1608,"comment_status":"closed","ping_status":"open","sticky":false,"template":"","format":"standard","meta":{"footnotes":""},"categories":[2],"tags":[],"class_list":["post-1606","post","type-post","status-publish","format-standard","has-post-thumbnail","hentry","category-aktualnosci"],"_links":{"self":[{"href":"https:\/\/srodmiejska.waw.pl\/index.php?rest_route=\/wp\/v2\/posts\/1606","targetHints":{"allow":["GET"]}}],"collection":[{"href":"https:\/\/srodmiejska.waw.pl\/index.php?rest_route=\/wp\/v2\/posts"}],"about":[{"href":"https:\/\/srodmiejska.waw.pl\/index.php?rest_route=\/wp\/v2\/types\/post"}],"author":[{"embeddable":true,"href":"https:\/\/srodmiejska.waw.pl\/index.php?rest_route=\/wp\/v2\/users\/4"}],"replies":[{"embeddable":true,"href":"https:\/\/srodmiejska.waw.pl\/index.php?rest_route=%2Fwp%2Fv2%2Fcomments&post=1606"}],"version-history":[{"count":1,"href":"https:\/\/srodmiejska.waw.pl\/index.php?rest_route=\/wp\/v2\/posts\/1606\/revisions"}],"predecessor-version":[{"id":1609,"href":"https:\/\/srodmiejska.waw.pl\/index.php?rest_route=\/wp\/v2\/posts\/1606\/revisions\/1609"}],"wp:featuredmedia":[{"embeddable":true,"href":"https:\/\/srodmiejska.waw.pl\/index.php?rest_route=\/wp\/v2\/media\/1608"}],"wp:attachment":[{"href":"https:\/\/srodmiejska.waw.pl\/index.php?rest_route=%2Fwp%2Fv2%2Fmedia&parent=1606"}],"wp:term":[{"taxonomy":"category","embeddable":true,"href":"https:\/\/srodmiejska.waw.pl\/index.php?rest_route=%2Fwp%2Fv2%2Fcategories&post=1606"},{"taxonomy":"post_tag","embeddable":true,"href":"https:\/\/srodmiejska.waw.pl\/index.php?rest_route=%2Fwp%2Fv2%2Ftags&post=1606"}],"curies":[{"name":"wp","href":"https:\/\/api.w.org\/{rel}","templated":true}]}}