{"id":1600,"date":"2018-09-26T14:44:34","date_gmt":"2018-09-26T14:44:34","guid":{"rendered":"http:\/\/srodmiejska.waw.pl\/?p=1600"},"modified":"2018-09-26T14:44:34","modified_gmt":"2018-09-26T14:44:34","slug":"komunikat-syndyka-masy-upadlosci-nr-34092018","status":"publish","type":"post","link":"https:\/\/srodmiejska.waw.pl\/?p=1600","title":{"rendered":"KOMUNIKAT SYNDYKA MASY UPAD\u0141O\u015aCI NR 34\/09\/2018"},"content":{"rendered":"<p>Szanowni Pa\u0144stwo,<\/p>\n<p>bardzo prosimy mieszka\u0144c\u00f3w budynku o zapoznanie si\u0119 z Komunikatem nr 34\/09\/2018 z dn. 24 wrze\u015bnia 2018 r. dotycz\u0105cym przygotowywanego podzia\u0142u geodezyjnego dzia\u0142ki nr 5\/15 zlokalizowanej przy Al. Jana Paw\u0142a II 20 w Warszawie<\/p>\n<p><a href=\"http:\/\/srodmiejska.waw.pl\/wp-content\/uploads\/2018\/09\/34_Komunikat-Syndyka-z-24-wrze\u015bnia-2018.pdf\">34_Komunikat Syndyka z 24 wrze\u015bnia 2018<\/a><\/p>\n<p>&nbsp;<\/p>\n","protected":false},"excerpt":{"rendered":"<p>Szanowni Pa\u0144stwo, bardzo prosimy mieszka\u0144c\u00f3w budynku o zapoznanie si\u0119 z Komunikatem nr 34\/09\/2018 z dn. 24 wrze\u015bnia 2018 r. dotycz\u0105cym przygotowywanego podzia\u0142u geodezyjnego dzia\u0142ki nr 5\/15 zlokalizowanej przy Al. Jana Paw\u0142a II 20 w Warszawie 34_Komunikat Syndyka z 24 wrze\u015bnia 2018 &nbsp;<\/p>\n","protected":false},"author":4,"featured_media":0,"comment_status":"closed","ping_status":"open","sticky":false,"template":"","format":"standard","meta":{"footnotes":""},"categories":[2],"tags":[],"class_list":["post-1600","post","type-post","status-publish","format-standard","hentry","category-aktualnosci"],"_links":{"self":[{"href":"https:\/\/srodmiejska.waw.pl\/index.php?rest_route=\/wp\/v2\/posts\/1600","targetHints":{"allow":["GET"]}}],"collection":[{"href":"https:\/\/srodmiejska.waw.pl\/index.php?rest_route=\/wp\/v2\/posts"}],"about":[{"href":"https:\/\/srodmiejska.waw.pl\/index.php?rest_route=\/wp\/v2\/types\/post"}],"author":[{"embeddable":true,"href":"https:\/\/srodmiejska.waw.pl\/index.php?rest_route=\/wp\/v2\/users\/4"}],"replies":[{"embeddable":true,"href":"https:\/\/srodmiejska.waw.pl\/index.php?rest_route=%2Fwp%2Fv2%2Fcomments&post=1600"}],"version-history":[{"count":1,"href":"https:\/\/srodmiejska.waw.pl\/index.php?rest_route=\/wp\/v2\/posts\/1600\/revisions"}],"predecessor-version":[{"id":1601,"href":"https:\/\/srodmiejska.waw.pl\/index.php?rest_route=\/wp\/v2\/posts\/1600\/revisions\/1601"}],"wp:attachment":[{"href":"https:\/\/srodmiejska.waw.pl\/index.php?rest_route=%2Fwp%2Fv2%2Fmedia&parent=1600"}],"wp:term":[{"taxonomy":"category","embeddable":true,"href":"https:\/\/srodmiejska.waw.pl\/index.php?rest_route=%2Fwp%2Fv2%2Fcategories&post=1600"},{"taxonomy":"post_tag","embeddable":true,"href":"https:\/\/srodmiejska.waw.pl\/index.php?rest_route=%2Fwp%2Fv2%2Ftags&post=1600"}],"curies":[{"name":"wp","href":"https:\/\/api.w.org\/{rel}","templated":true}]}}