{"id":1558,"date":"2018-09-04T06:12:39","date_gmt":"2018-09-04T06:12:39","guid":{"rendered":"http:\/\/srodmiejska.waw.pl\/?p=1558"},"modified":"2018-09-04T06:12:39","modified_gmt":"2018-09-04T06:12:39","slug":"komunikat-syndyka-masy-upadlosci-nr-31092018","status":"publish","type":"post","link":"https:\/\/srodmiejska.waw.pl\/?p=1558","title":{"rendered":"Komunikat Syndyka Masy Upad\u0142o\u015bci Nr 31\/09\/2018"},"content":{"rendered":"<p>Szanowni Pa\u0144stwo,<\/p>\n<p>Prosimy o zapoznanie si\u0119 z Komunikatem Syndyka na 31\/09\/2018 dotycz\u0105cym przygotowywanego podzia\u0142u geodezyjnego dzia\u0142ki nr 5\/15 zlokalizowanej przy Al. Jana Paw\u0142a II 20 w Warszawie.<\/p>\n<p><a href=\"http:\/\/srodmiejska.waw.pl\/wp-content\/uploads\/2018\/09\/31_Komunikat-z-dnia-3-wrze\u015bnia-2018-r..pdf\">31_Komunikat z dnia 3 wrze\u015bnia 2018 r.<\/a><\/p>\n<p>&nbsp;<\/p>\n","protected":false},"excerpt":{"rendered":"<p>Szanowni Pa\u0144stwo, Prosimy o zapoznanie si\u0119 z Komunikatem Syndyka na 31\/09\/2018 dotycz\u0105cym przygotowywanego podzia\u0142u geodezyjnego dzia\u0142ki nr 5\/15 zlokalizowanej przy Al. Jana Paw\u0142a II 20 w Warszawie. 31_Komunikat z dnia 3 wrze\u015bnia 2018 r. &nbsp;<\/p>\n","protected":false},"author":4,"featured_media":1560,"comment_status":"closed","ping_status":"open","sticky":false,"template":"","format":"standard","meta":{"footnotes":""},"categories":[2],"tags":[],"class_list":["post-1558","post","type-post","status-publish","format-standard","has-post-thumbnail","hentry","category-aktualnosci"],"_links":{"self":[{"href":"https:\/\/srodmiejska.waw.pl\/index.php?rest_route=\/wp\/v2\/posts\/1558","targetHints":{"allow":["GET"]}}],"collection":[{"href":"https:\/\/srodmiejska.waw.pl\/index.php?rest_route=\/wp\/v2\/posts"}],"about":[{"href":"https:\/\/srodmiejska.waw.pl\/index.php?rest_route=\/wp\/v2\/types\/post"}],"author":[{"embeddable":true,"href":"https:\/\/srodmiejska.waw.pl\/index.php?rest_route=\/wp\/v2\/users\/4"}],"replies":[{"embeddable":true,"href":"https:\/\/srodmiejska.waw.pl\/index.php?rest_route=%2Fwp%2Fv2%2Fcomments&post=1558"}],"version-history":[{"count":1,"href":"https:\/\/srodmiejska.waw.pl\/index.php?rest_route=\/wp\/v2\/posts\/1558\/revisions"}],"predecessor-version":[{"id":1561,"href":"https:\/\/srodmiejska.waw.pl\/index.php?rest_route=\/wp\/v2\/posts\/1558\/revisions\/1561"}],"wp:featuredmedia":[{"embeddable":true,"href":"https:\/\/srodmiejska.waw.pl\/index.php?rest_route=\/wp\/v2\/media\/1560"}],"wp:attachment":[{"href":"https:\/\/srodmiejska.waw.pl\/index.php?rest_route=%2Fwp%2Fv2%2Fmedia&parent=1558"}],"wp:term":[{"taxonomy":"category","embeddable":true,"href":"https:\/\/srodmiejska.waw.pl\/index.php?rest_route=%2Fwp%2Fv2%2Fcategories&post=1558"},{"taxonomy":"post_tag","embeddable":true,"href":"https:\/\/srodmiejska.waw.pl\/index.php?rest_route=%2Fwp%2Fv2%2Ftags&post=1558"}],"curies":[{"name":"wp","href":"https:\/\/api.w.org\/{rel}","templated":true}]}}