{"id":1445,"date":"2018-04-23T08:08:46","date_gmt":"2018-04-23T08:08:46","guid":{"rendered":"http:\/\/srodmiejska.waw.pl\/?p=1445"},"modified":"2018-04-23T08:08:46","modified_gmt":"2018-04-23T08:08:46","slug":"zarzadzenie-nr-13-syndyka-srodmiejskiej-spoldzielni-mieszkaniowej-w-upadlosci-likwidacyjnej","status":"publish","type":"post","link":"https:\/\/srodmiejska.waw.pl\/?p=1445","title":{"rendered":"Zarz\u0105dzenie nr 13 Syndyka \u015ar\u00f3dmiejskiej Sp\u00f3\u0142dzielni Mieszkaniowej w upad\u0142o\u015bci likwidacyjnej"},"content":{"rendered":"<p>Szanowni Pa\u0144stwo,<\/p>\n<p>Bardzo prosz\u0119 o zapoznanie si\u0119 z Zarz\u0105dzeniem nr 13\/2018 Syndyka \u015ar\u00f3dmiejskiej Sp\u00f3\u0142dzielni Mieszkaniowej w upad\u0142o\u015bci likwidacyjnej, w sprawie zmiany zarz\u0105dzenia nr 11 z 18 kwietnia 2018 r. dotycz\u0105cego zaliczek na op\u0142aty za energi\u0119 ciepln\u0105 i zimn\u0105 wod\u0119 dot. nieruchomo\u015bci przy ul. Leszczyny 4 i ul. Ja\u015bminowej 2.<\/p>\n<p><a href=\"http:\/\/srodmiejska.waw.pl\/wp-content\/uploads\/2018\/04\/Zarz\u0105dzenie-13-2018-4.pdf\">Zarz\u0105dzenie 13 2018<\/a><\/p>\n","protected":false},"excerpt":{"rendered":"<p>Szanowni Pa\u0144stwo, Bardzo prosz\u0119 o zapoznanie si\u0119 z Zarz\u0105dzeniem nr 13\/2018 Syndyka \u015ar\u00f3dmiejskiej Sp\u00f3\u0142dzielni Mieszkaniowej w upad\u0142o\u015bci likwidacyjnej, w sprawie zmiany zarz\u0105dzenia nr 11 z 18 kwietnia 2018 r. dotycz\u0105cego zaliczek na op\u0142aty za energi\u0119 ciepln\u0105 i zimn\u0105 wod\u0119 dot. nieruchomo\u015bci przy ul. Leszczyny 4 i ul. Ja\u015bminowej 2. Zarz\u0105dzenie 13 2018<\/p>\n","protected":false},"author":4,"featured_media":1447,"comment_status":"closed","ping_status":"open","sticky":false,"template":"","format":"standard","meta":{"footnotes":""},"categories":[2],"tags":[],"class_list":["post-1445","post","type-post","status-publish","format-standard","has-post-thumbnail","hentry","category-aktualnosci"],"_links":{"self":[{"href":"https:\/\/srodmiejska.waw.pl\/index.php?rest_route=\/wp\/v2\/posts\/1445","targetHints":{"allow":["GET"]}}],"collection":[{"href":"https:\/\/srodmiejska.waw.pl\/index.php?rest_route=\/wp\/v2\/posts"}],"about":[{"href":"https:\/\/srodmiejska.waw.pl\/index.php?rest_route=\/wp\/v2\/types\/post"}],"author":[{"embeddable":true,"href":"https:\/\/srodmiejska.waw.pl\/index.php?rest_route=\/wp\/v2\/users\/4"}],"replies":[{"embeddable":true,"href":"https:\/\/srodmiejska.waw.pl\/index.php?rest_route=%2Fwp%2Fv2%2Fcomments&post=1445"}],"version-history":[{"count":1,"href":"https:\/\/srodmiejska.waw.pl\/index.php?rest_route=\/wp\/v2\/posts\/1445\/revisions"}],"predecessor-version":[{"id":1448,"href":"https:\/\/srodmiejska.waw.pl\/index.php?rest_route=\/wp\/v2\/posts\/1445\/revisions\/1448"}],"wp:featuredmedia":[{"embeddable":true,"href":"https:\/\/srodmiejska.waw.pl\/index.php?rest_route=\/wp\/v2\/media\/1447"}],"wp:attachment":[{"href":"https:\/\/srodmiejska.waw.pl\/index.php?rest_route=%2Fwp%2Fv2%2Fmedia&parent=1445"}],"wp:term":[{"taxonomy":"category","embeddable":true,"href":"https:\/\/srodmiejska.waw.pl\/index.php?rest_route=%2Fwp%2Fv2%2Fcategories&post=1445"},{"taxonomy":"post_tag","embeddable":true,"href":"https:\/\/srodmiejska.waw.pl\/index.php?rest_route=%2Fwp%2Fv2%2Ftags&post=1445"}],"curies":[{"name":"wp","href":"https:\/\/api.w.org\/{rel}","templated":true}]}}