{"id":1286,"date":"2018-01-09T06:59:22","date_gmt":"2018-01-09T06:59:22","guid":{"rendered":"http:\/\/srodmiejska.waw.pl\/?p=1286"},"modified":"2018-01-09T06:59:22","modified_gmt":"2018-01-09T06:59:22","slug":"komunikat-syndyka-srodmiejskiej-spoldzielni-mieszkaniowej-w-upadlosci-likwidacyjnej-nr-7012018","status":"publish","type":"post","link":"https:\/\/srodmiejska.waw.pl\/?p=1286","title":{"rendered":"Komunikat Syndyka \u015ar\u00f3dmiejskiej Sp\u00f3\u0142dzielni Mieszkaniowej w upad\u0142o\u015bci likwidacyjnej nr 7\/01\/2018"},"content":{"rendered":"<p><a href=\"http:\/\/srodmiejska.waw.pl\/wp-content\/uploads\/2018\/01\/Komunikat-Syndyka-7-01-2018.jpg\"><img loading=\"lazy\" decoding=\"async\" class=\"alignnone size-full wp-image-1285\" src=\"http:\/\/srodmiejska.waw.pl\/wp-content\/uploads\/2018\/01\/Komunikat-Syndyka-7-01-2018.jpg\" alt=\"\" width=\"1617\" height=\"2297\" srcset=\"https:\/\/srodmiejska.waw.pl\/wp-content\/uploads\/2018\/01\/Komunikat-Syndyka-7-01-2018.jpg 1617w, https:\/\/srodmiejska.waw.pl\/wp-content\/uploads\/2018\/01\/Komunikat-Syndyka-7-01-2018-211x300.jpg 211w, https:\/\/srodmiejska.waw.pl\/wp-content\/uploads\/2018\/01\/Komunikat-Syndyka-7-01-2018-768x1091.jpg 768w, https:\/\/srodmiejska.waw.pl\/wp-content\/uploads\/2018\/01\/Komunikat-Syndyka-7-01-2018-721x1024.jpg 721w\" sizes=\"auto, (max-width: 1617px) 100vw, 1617px\" \/><\/a><\/p>\n","protected":false},"excerpt":{"rendered":"","protected":false},"author":4,"featured_media":0,"comment_status":"closed","ping_status":"open","sticky":false,"template":"","format":"standard","meta":{"footnotes":""},"categories":[2],"tags":[],"class_list":["post-1286","post","type-post","status-publish","format-standard","hentry","category-aktualnosci"],"_links":{"self":[{"href":"https:\/\/srodmiejska.waw.pl\/index.php?rest_route=\/wp\/v2\/posts\/1286","targetHints":{"allow":["GET"]}}],"collection":[{"href":"https:\/\/srodmiejska.waw.pl\/index.php?rest_route=\/wp\/v2\/posts"}],"about":[{"href":"https:\/\/srodmiejska.waw.pl\/index.php?rest_route=\/wp\/v2\/types\/post"}],"author":[{"embeddable":true,"href":"https:\/\/srodmiejska.waw.pl\/index.php?rest_route=\/wp\/v2\/users\/4"}],"replies":[{"embeddable":true,"href":"https:\/\/srodmiejska.waw.pl\/index.php?rest_route=%2Fwp%2Fv2%2Fcomments&post=1286"}],"version-history":[{"count":1,"href":"https:\/\/srodmiejska.waw.pl\/index.php?rest_route=\/wp\/v2\/posts\/1286\/revisions"}],"predecessor-version":[{"id":1287,"href":"https:\/\/srodmiejska.waw.pl\/index.php?rest_route=\/wp\/v2\/posts\/1286\/revisions\/1287"}],"wp:attachment":[{"href":"https:\/\/srodmiejska.waw.pl\/index.php?rest_route=%2Fwp%2Fv2%2Fmedia&parent=1286"}],"wp:term":[{"taxonomy":"category","embeddable":true,"href":"https:\/\/srodmiejska.waw.pl\/index.php?rest_route=%2Fwp%2Fv2%2Fcategories&post=1286"},{"taxonomy":"post_tag","embeddable":true,"href":"https:\/\/srodmiejska.waw.pl\/index.php?rest_route=%2Fwp%2Fv2%2Ftags&post=1286"}],"curies":[{"name":"wp","href":"https:\/\/api.w.org\/{rel}","templated":true}]}}