{"id":1051,"date":"2017-03-10T10:35:54","date_gmt":"2017-03-10T10:35:54","guid":{"rendered":"http:\/\/srodmiejska.waw.pl\/?p=1051"},"modified":"2017-03-10T10:35:54","modified_gmt":"2017-03-10T10:35:54","slug":"komunikat-zarzadcy-tymczasowego-nr-1032017","status":"publish","type":"post","link":"https:\/\/srodmiejska.waw.pl\/?p=1051","title":{"rendered":"Komunikat Zarz\u0105dcy Tymczasowego nr 1\/03\/2017"},"content":{"rendered":"<p>Szanowni Pa\u0144stwo,<\/p>\n<p>Prosimy Mieszka\u0144c\u00f3w budynk\u00f3w przy ul. Bukszpanowej o zapoznanie si\u0119 z komunikatem Zarz\u0105dcy Tymczasowego\u00a0 \u015ar\u00f3dmiejskiej Sp\u00f3\u0142dzielni Mieszkaniowej w upad\u0142o\u015bci likwidacyjnej \u2013 Pana Krzysztofa Go\u0142\u0105ba z dnia 09.03.2017 roku.<\/p>\n<p>&nbsp;<\/p>\n<p><a href=\"http:\/\/srodmiejska.waw.pl\/wp-content\/uploads\/2017\/03\/Komunikat-Zarz\u0105dcy-Tymczasowego-nr-1-03-2017.pdf\">Komunikat Zarz\u0105dcy Tymczasowego nr 1\/03\/2017<\/a><\/p>\n","protected":false},"excerpt":{"rendered":"<p>Szanowni Pa\u0144stwo, Prosimy Mieszka\u0144c\u00f3w budynk\u00f3w przy ul. Bukszpanowej o zapoznanie si\u0119 z komunikatem Zarz\u0105dcy Tymczasowego\u00a0 \u015ar\u00f3dmiejskiej Sp\u00f3\u0142dzielni Mieszkaniowej w upad\u0142o\u015bci likwidacyjnej \u2013 Pana Krzysztofa Go\u0142\u0105ba z dnia 09.03.2017 roku. &nbsp; Komunikat Zarz\u0105dcy Tymczasowego nr 1\/03\/2017<\/p>\n","protected":false},"author":4,"featured_media":0,"comment_status":"closed","ping_status":"open","sticky":false,"template":"","format":"standard","meta":{"footnotes":""},"categories":[2],"tags":[],"class_list":["post-1051","post","type-post","status-publish","format-standard","hentry","category-aktualnosci"],"_links":{"self":[{"href":"https:\/\/srodmiejska.waw.pl\/index.php?rest_route=\/wp\/v2\/posts\/1051","targetHints":{"allow":["GET"]}}],"collection":[{"href":"https:\/\/srodmiejska.waw.pl\/index.php?rest_route=\/wp\/v2\/posts"}],"about":[{"href":"https:\/\/srodmiejska.waw.pl\/index.php?rest_route=\/wp\/v2\/types\/post"}],"author":[{"embeddable":true,"href":"https:\/\/srodmiejska.waw.pl\/index.php?rest_route=\/wp\/v2\/users\/4"}],"replies":[{"embeddable":true,"href":"https:\/\/srodmiejska.waw.pl\/index.php?rest_route=%2Fwp%2Fv2%2Fcomments&post=1051"}],"version-history":[{"count":2,"href":"https:\/\/srodmiejska.waw.pl\/index.php?rest_route=\/wp\/v2\/posts\/1051\/revisions"}],"predecessor-version":[{"id":1055,"href":"https:\/\/srodmiejska.waw.pl\/index.php?rest_route=\/wp\/v2\/posts\/1051\/revisions\/1055"}],"wp:attachment":[{"href":"https:\/\/srodmiejska.waw.pl\/index.php?rest_route=%2Fwp%2Fv2%2Fmedia&parent=1051"}],"wp:term":[{"taxonomy":"category","embeddable":true,"href":"https:\/\/srodmiejska.waw.pl\/index.php?rest_route=%2Fwp%2Fv2%2Fcategories&post=1051"},{"taxonomy":"post_tag","embeddable":true,"href":"https:\/\/srodmiejska.waw.pl\/index.php?rest_route=%2Fwp%2Fv2%2Ftags&post=1051"}],"curies":[{"name":"wp","href":"https:\/\/api.w.org\/{rel}","templated":true}]}}